{"id":1389,"date":"2017-10-17T14:11:03","date_gmt":"2017-10-17T13:11:03","guid":{"rendered":"https:\/\/www.mycoyote.net\/blog\/?p=1389"},"modified":"2017-10-17T14:11:03","modified_gmt":"2017-10-17T13:11:03","slug":"self-driving-car-facebook","status":"publish","type":"post","link":"https:\/\/www.mycoyote.net\/blog\/approfondimenti\/self-driving-car-facebook\/","title":{"rendered":"Auto a guida autonoma: Facebook si mette al volante"},"content":{"rendered":"<h2>Il futuro \u00e8 finalmente arrivato: dopo le pi\u00f9 prestigiose case automobilistiche ora anche Facebook cerca di far diventare realt\u00e0 il sogno delle self driving car.<\/h2>\n<p>Basta tassisti agitati, code chilometriche ed esaurimento nervoso da ora di punta.<br \/>\nA breve viaggeremo su <a href=\"http:\/\/www.corriere.it\/tecnologia\/automotive\/\/cards\/hyperlane-corsia-hi-tech-solo-le-auto-guida-autonoma-progetto-berkley\/progetto_principale.shtml\" target=\"_blank\" rel=\"noopener\">corsie dedicate<\/a>, in confortevoli salotti mobili senza autista e sapremo con certezza il tempo reale di arrivo a destinazione.<\/p>\n<p>Come accennato, in questi giorni Facebook \u00e8 sulla bocca di tutti per via delle voci su una sua possibile entrata in campo nel mondo delle auto a guida autonoma. Un vero e proprio <a href=\"http:\/\/www.dday.it\/redazione\/23126\/le-auto-autonome-di-google-sono-ora-disponibili-al-pubblico-waymo\" target=\"_blank\" rel=\"noopener\">guanto di sfida lanciato a Google<\/a> con tanto di prove lampanti del suo coinvolgimento nello sviluppo di una propria self driving car.<br \/>\nIl social network ha gi\u00e0 registrato diversi domini di siti web compresi Facebook.car, Facebook.auto e Facebook.cars.<\/p>\n<p>La notizia arriva dopo che la decisione di Apple di registrare domini simili &#8211; Apple.car e Apple.auto &#8211; ha scatenato dei rumours riguardo a una ipotetica iCar o un software da vendere alla case automobilistiche il titolo di <a href=\"http:\/\/www.lastampa.it\/2016\/08\/04\/motori\/tecnologia\/project-titan-bloomberg-apple-si-concentra-sulla-guida-autonoma-non-costruir-una-icar-XyqLJ2TKoDDzfZqZ2dCmfM\/pagina.html\" target=\"_blank\" rel=\"noopener\">Project Titan<\/a>.<\/p>\n<p>Gi\u00e0 qualche anno fa un dipendente di Facebook ha affermato di lavorare a un progetto denominato &#8220;Movingbox&#8221; e rivel\u00f2 a Jeremy Clarkson (ex conduttore di \u201cTop Gear\u201d) l\u2019esistenza di un team composto da circa 200 persone coinvolte nello sviluppo.<\/p>\n<p>I giganti della Silicon Valley non possono smettere di gareggiare fra loro.<br \/>\nMa si tratta di una sfida stimolante perch\u00e9 si sa, la competizione \u00e8 la benzina del progresso o la batteria, parlando di auto elettriche come in questo caso.<\/p>\n<p>E a beneficiarne saremo tutti noi perch\u00e9 presto saremo ospiti di vetture incredibilmente autonome, sicure e stress free.<\/p>\n<p>Nel frattempo potete continuare a usufruire dei servizi di <a href=\"https:\/\/www.mycoyote.net\/it\/il-servizio-coyote-it.html#alerte\" target=\"_blank\" rel=\"noopener\">allerta in tempo reale di Coyote<\/a> che vi accompagnano alla guida rendendovi il viaggio pi\u00f9 sicuro e piacevole.<\/p>\n","protected":false},"excerpt":{"rendered":"<p>Il futuro \u00e8 finalmente arrivato: dopo le pi\u00f9 prestigiose case automobilistiche ora anche Facebook cerca di far diventare realt\u00e0 il [&hellip;]<\/p>\n","protected":false},"author":154,"featured_media":1390,"comment_status":"open","ping_status":"closed","sticky":false,"template":"","format":"standard","meta":{"_acf_changed":false,"footnotes":""},"categories":[36],"tags":[],"class_list":["post-1389","post","type-post","status-publish","format-standard","has-post-thumbnail","hentry","category-approfondimenti"],"acf":[],"yoast_head":"<!-- This site is optimized with the Yoast SEO plugin v25.9 - https:\/\/yoast.com\/wordpress\/plugins\/seo\/ -->\n<title>Auto a guida autonoma: Facebook si mette al volante - Il Blog Coyote<\/title>\n<meta name=\"description\" content=\"Il futuro \u00e8 arrivato: dopo le pi\u00f9 prestigiose case automobilistiche ora anche Facebook cerca di far diventare realt\u00e0 il sogno delle self driving car.\" \/>\n<meta name=\"robots\" content=\"index, follow, max-snippet:-1, max-image-preview:large, max-video-preview:-1\" \/>\n<link rel=\"canonical\" href=\"https:\/\/www.mycoyote.net\/blog\/approfondimenti\/self-driving-car-facebook\/\" \/>\n<meta property=\"og:locale\" content=\"it_IT\" \/>\n<meta property=\"og:type\" content=\"article\" \/>\n<meta property=\"og:title\" content=\"Auto a guida autonoma: Facebook si mette al volante - Il Blog Coyote\" \/>\n<meta property=\"og:description\" content=\"Il futuro \u00e8 arrivato: dopo le pi\u00f9 prestigiose case automobilistiche ora anche Facebook cerca di far diventare realt\u00e0 il sogno delle self driving car.\" \/>\n<meta property=\"og:url\" content=\"https:\/\/www.mycoyote.net\/blog\/approfondimenti\/self-driving-car-facebook\/\" \/>\n<meta property=\"og:site_name\" content=\"Il Blog Coyote\" \/>\n<meta property=\"article:publisher\" content=\"https:\/\/www.facebook.com\/coyoteitalia\" \/>\n<meta property=\"article:published_time\" content=\"2017-10-17T13:11:03+00:00\" \/>\n<meta property=\"og:image\" content=\"https:\/\/medias.coyotesystems.com\/wordpress\/sites\/6\/2017\/10\/17-10-Will-Facebook-enter-the-race-for-self-driving-cars_01.jpg\" \/>\n\t<meta property=\"og:image:width\" content=\"1200\" \/>\n\t<meta property=\"og:image:height\" content=\"628\" \/>\n\t<meta property=\"og:image:type\" content=\"image\/jpeg\" \/>\n<meta name=\"author\" content=\"Gianni\" \/>\n<meta name=\"twitter:card\" content=\"summary_large_image\" \/>\n<meta name=\"twitter:creator\" content=\"@coyoteitalia\" \/>\n<meta name=\"twitter:site\" content=\"@coyoteitalia\" \/>\n<meta name=\"twitter:label1\" content=\"Written by\" \/>\n\t<meta name=\"twitter:data1\" content=\"Gianni\" \/>\n\t<meta name=\"twitter:label2\" content=\"Est. reading time\" \/>\n\t<meta name=\"twitter:data2\" content=\"1 minuto\" \/>\n<script type=\"application\/ld+json\" class=\"yoast-schema-graph\">{\"@context\":\"https:\/\/schema.org\",\"@graph\":[{\"@type\":\"Article\",\"@id\":\"https:\/\/www.mycoyote.net\/blog\/approfondimenti\/self-driving-car-facebook\/#article\",\"isPartOf\":{\"@id\":\"https:\/\/www.mycoyote.net\/blog\/approfondimenti\/self-driving-car-facebook\/\"},\"author\":{\"name\":\"Gianni\",\"@id\":\"https:\/\/www.mycoyote.net\/blog\/#\/schema\/person\/64533813b9492a794e85f1af19ba3472\"},\"headline\":\"Auto a guida autonoma: Facebook si mette al volante\",\"datePublished\":\"2017-10-17T13:11:03+00:00\",\"mainEntityOfPage\":{\"@id\":\"https:\/\/www.mycoyote.net\/blog\/approfondimenti\/self-driving-car-facebook\/\"},\"wordCount\":306,\"commentCount\":0,\"publisher\":{\"@id\":\"https:\/\/www.mycoyote.net\/blog\/#organization\"},\"image\":{\"@id\":\"https:\/\/www.mycoyote.net\/blog\/approfondimenti\/self-driving-car-facebook\/#primaryimage\"},\"thumbnailUrl\":\"https:\/\/medias.coyotesystems.com\/wordpress\/sites\/6\/2017\/10\/17-10-Will-Facebook-enter-the-race-for-self-driving-cars_01.jpg\",\"articleSection\":[\"Approfondimenti\"],\"inLanguage\":\"it-IT\",\"potentialAction\":[{\"@type\":\"CommentAction\",\"name\":\"Comment\",\"target\":[\"https:\/\/www.mycoyote.net\/blog\/approfondimenti\/self-driving-car-facebook\/#respond\"]}]},{\"@type\":\"WebPage\",\"@id\":\"https:\/\/www.mycoyote.net\/blog\/approfondimenti\/self-driving-car-facebook\/\",\"url\":\"https:\/\/www.mycoyote.net\/blog\/approfondimenti\/self-driving-car-facebook\/\",\"name\":\"Auto a guida autonoma: Facebook si mette al volante - Il Blog Coyote\",\"isPartOf\":{\"@id\":\"https:\/\/www.mycoyote.net\/blog\/#website\"},\"primaryImageOfPage\":{\"@id\":\"https:\/\/www.mycoyote.net\/blog\/approfondimenti\/self-driving-car-facebook\/#primaryimage\"},\"image\":{\"@id\":\"https:\/\/www.mycoyote.net\/blog\/approfondimenti\/self-driving-car-facebook\/#primaryimage\"},\"thumbnailUrl\":\"https:\/\/medias.coyotesystems.com\/wordpress\/sites\/6\/2017\/10\/17-10-Will-Facebook-enter-the-race-for-self-driving-cars_01.jpg\",\"datePublished\":\"2017-10-17T13:11:03+00:00\",\"description\":\"Il futuro \u00e8 arrivato: dopo le pi\u00f9 prestigiose case automobilistiche ora anche Facebook cerca di far diventare realt\u00e0 il sogno delle self driving car.\",\"breadcrumb\":{\"@id\":\"https:\/\/www.mycoyote.net\/blog\/approfondimenti\/self-driving-car-facebook\/#breadcrumb\"},\"inLanguage\":\"it-IT\",\"potentialAction\":[{\"@type\":\"ReadAction\",\"target\":[\"https:\/\/www.mycoyote.net\/blog\/approfondimenti\/self-driving-car-facebook\/\"]}]},{\"@type\":\"ImageObject\",\"inLanguage\":\"it-IT\",\"@id\":\"https:\/\/www.mycoyote.net\/blog\/approfondimenti\/self-driving-car-facebook\/#primaryimage\",\"url\":\"https:\/\/medias.coyotesystems.com\/wordpress\/sites\/6\/2017\/10\/17-10-Will-Facebook-enter-the-race-for-self-driving-cars_01.jpg\",\"contentUrl\":\"https:\/\/medias.coyotesystems.com\/wordpress\/sites\/6\/2017\/10\/17-10-Will-Facebook-enter-the-race-for-self-driving-cars_01.jpg\",\"width\":1200,\"height\":628,\"caption\":\"guida autonoma\"},{\"@type\":\"BreadcrumbList\",\"@id\":\"https:\/\/www.mycoyote.net\/blog\/approfondimenti\/self-driving-car-facebook\/#breadcrumb\",\"itemListElement\":[{\"@type\":\"ListItem\",\"position\":1,\"name\":\"Home\",\"item\":\"https:\/\/www.mycoyote.net\/blog\/\"},{\"@type\":\"ListItem\",\"position\":2,\"name\":\"Auto a guida autonoma: Facebook si mette al volante\"}]},{\"@type\":\"WebSite\",\"@id\":\"https:\/\/www.mycoyote.net\/blog\/#website\",\"url\":\"https:\/\/www.mycoyote.net\/blog\/\",\"name\":\"Il Blog Coyote\",\"description\":\"\",\"publisher\":{\"@id\":\"https:\/\/www.mycoyote.net\/blog\/#organization\"},\"potentialAction\":[{\"@type\":\"SearchAction\",\"target\":{\"@type\":\"EntryPoint\",\"urlTemplate\":\"https:\/\/www.mycoyote.net\/blog\/?s={search_term_string}\"},\"query-input\":{\"@type\":\"PropertyValueSpecification\",\"valueRequired\":true,\"valueName\":\"search_term_string\"}}],\"inLanguage\":\"it-IT\"},{\"@type\":\"Organization\",\"@id\":\"https:\/\/www.mycoyote.net\/blog\/#organization\",\"name\":\"Coyote\",\"url\":\"https:\/\/www.mycoyote.net\/blog\/\",\"logo\":{\"@type\":\"ImageObject\",\"inLanguage\":\"it-IT\",\"@id\":\"https:\/\/www.mycoyote.net\/blog\/#\/schema\/logo\/image\/\",\"url\":\"https:\/\/medias.coyotesystems.com\/wordpress\/sites\/6\/2024\/02\/Logo-Coyote-1.png\",\"contentUrl\":\"https:\/\/medias.coyotesystems.com\/wordpress\/sites\/6\/2024\/02\/Logo-Coyote-1.png\",\"width\":842,\"height\":263,\"caption\":\"Coyote\"},\"image\":{\"@id\":\"https:\/\/www.mycoyote.net\/blog\/#\/schema\/logo\/image\/\"},\"sameAs\":[\"https:\/\/www.facebook.com\/coyoteitalia\",\"https:\/\/x.com\/coyoteitalia\",\"https:\/\/www.instagram.com\/coyoteitalia\/\",\"https:\/\/www.linkedin.com\/company\/coyote-italia\/\",\"https:\/\/www.youtube.com\/channel\/UCF8JOuMbqALJkRHNVyVym7A?sub_confirmation=1\"]},{\"@type\":\"Person\",\"@id\":\"https:\/\/www.mycoyote.net\/blog\/#\/schema\/person\/64533813b9492a794e85f1af19ba3472\",\"name\":\"Gianni\",\"image\":{\"@type\":\"ImageObject\",\"inLanguage\":\"it-IT\",\"@id\":\"https:\/\/www.mycoyote.net\/blog\/#\/schema\/person\/image\/\",\"url\":\"https:\/\/secure.gravatar.com\/avatar\/b171874924edc089f7aa48e72b8a5852413a69c582935b3343a6f5ec034051f5?s=96&d=mm&r=g\",\"contentUrl\":\"https:\/\/secure.gravatar.com\/avatar\/b171874924edc089f7aa48e72b8a5852413a69c582935b3343a6f5ec034051f5?s=96&d=mm&r=g\",\"caption\":\"Gianni\"}}]}<\/script>\n<!-- \/ Yoast SEO plugin. -->","yoast_head_json":{"title":"Auto a guida autonoma: Facebook si mette al volante - Il Blog Coyote","description":"Il futuro \u00e8 arrivato: dopo le pi\u00f9 prestigiose case automobilistiche ora anche Facebook cerca di far diventare realt\u00e0 il sogno delle self driving car.","robots":{"index":"index","follow":"follow","max-snippet":"max-snippet:-1","max-image-preview":"max-image-preview:large","max-video-preview":"max-video-preview:-1"},"canonical":"https:\/\/www.mycoyote.net\/blog\/approfondimenti\/self-driving-car-facebook\/","og_locale":"it_IT","og_type":"article","og_title":"Auto a guida autonoma: Facebook si mette al volante - Il Blog Coyote","og_description":"Il futuro \u00e8 arrivato: dopo le pi\u00f9 prestigiose case automobilistiche ora anche Facebook cerca di far diventare realt\u00e0 il sogno delle self driving car.","og_url":"https:\/\/www.mycoyote.net\/blog\/approfondimenti\/self-driving-car-facebook\/","og_site_name":"Il Blog Coyote","article_publisher":"https:\/\/www.facebook.com\/coyoteitalia","article_published_time":"2017-10-17T13:11:03+00:00","og_image":[{"width":1200,"height":628,"url":"https:\/\/medias.coyotesystems.com\/wordpress\/sites\/6\/2017\/10\/17-10-Will-Facebook-enter-the-race-for-self-driving-cars_01.jpg","type":"image\/jpeg"}],"author":"Gianni","twitter_card":"summary_large_image","twitter_creator":"@coyoteitalia","twitter_site":"@coyoteitalia","twitter_misc":{"Written by":"Gianni","Est. reading time":"1 minuto"},"schema":{"@context":"https:\/\/schema.org","@graph":[{"@type":"Article","@id":"https:\/\/www.mycoyote.net\/blog\/approfondimenti\/self-driving-car-facebook\/#article","isPartOf":{"@id":"https:\/\/www.mycoyote.net\/blog\/approfondimenti\/self-driving-car-facebook\/"},"author":{"name":"Gianni","@id":"https:\/\/www.mycoyote.net\/blog\/#\/schema\/person\/64533813b9492a794e85f1af19ba3472"},"headline":"Auto a guida autonoma: Facebook si mette al volante","datePublished":"2017-10-17T13:11:03+00:00","mainEntityOfPage":{"@id":"https:\/\/www.mycoyote.net\/blog\/approfondimenti\/self-driving-car-facebook\/"},"wordCount":306,"commentCount":0,"publisher":{"@id":"https:\/\/www.mycoyote.net\/blog\/#organization"},"image":{"@id":"https:\/\/www.mycoyote.net\/blog\/approfondimenti\/self-driving-car-facebook\/#primaryimage"},"thumbnailUrl":"https:\/\/medias.coyotesystems.com\/wordpress\/sites\/6\/2017\/10\/17-10-Will-Facebook-enter-the-race-for-self-driving-cars_01.jpg","articleSection":["Approfondimenti"],"inLanguage":"it-IT","potentialAction":[{"@type":"CommentAction","name":"Comment","target":["https:\/\/www.mycoyote.net\/blog\/approfondimenti\/self-driving-car-facebook\/#respond"]}]},{"@type":"WebPage","@id":"https:\/\/www.mycoyote.net\/blog\/approfondimenti\/self-driving-car-facebook\/","url":"https:\/\/www.mycoyote.net\/blog\/approfondimenti\/self-driving-car-facebook\/","name":"Auto a guida autonoma: Facebook si mette al volante - Il Blog Coyote","isPartOf":{"@id":"https:\/\/www.mycoyote.net\/blog\/#website"},"primaryImageOfPage":{"@id":"https:\/\/www.mycoyote.net\/blog\/approfondimenti\/self-driving-car-facebook\/#primaryimage"},"image":{"@id":"https:\/\/www.mycoyote.net\/blog\/approfondimenti\/self-driving-car-facebook\/#primaryimage"},"thumbnailUrl":"https:\/\/medias.coyotesystems.com\/wordpress\/sites\/6\/2017\/10\/17-10-Will-Facebook-enter-the-race-for-self-driving-cars_01.jpg","datePublished":"2017-10-17T13:11:03+00:00","description":"Il futuro \u00e8 arrivato: dopo le pi\u00f9 prestigiose case automobilistiche ora anche Facebook cerca di far diventare realt\u00e0 il sogno delle self driving car.","breadcrumb":{"@id":"https:\/\/www.mycoyote.net\/blog\/approfondimenti\/self-driving-car-facebook\/#breadcrumb"},"inLanguage":"it-IT","potentialAction":[{"@type":"ReadAction","target":["https:\/\/www.mycoyote.net\/blog\/approfondimenti\/self-driving-car-facebook\/"]}]},{"@type":"ImageObject","inLanguage":"it-IT","@id":"https:\/\/www.mycoyote.net\/blog\/approfondimenti\/self-driving-car-facebook\/#primaryimage","url":"https:\/\/medias.coyotesystems.com\/wordpress\/sites\/6\/2017\/10\/17-10-Will-Facebook-enter-the-race-for-self-driving-cars_01.jpg","contentUrl":"https:\/\/medias.coyotesystems.com\/wordpress\/sites\/6\/2017\/10\/17-10-Will-Facebook-enter-the-race-for-self-driving-cars_01.jpg","width":1200,"height":628,"caption":"guida autonoma"},{"@type":"BreadcrumbList","@id":"https:\/\/www.mycoyote.net\/blog\/approfondimenti\/self-driving-car-facebook\/#breadcrumb","itemListElement":[{"@type":"ListItem","position":1,"name":"Home","item":"https:\/\/www.mycoyote.net\/blog\/"},{"@type":"ListItem","position":2,"name":"Auto a guida autonoma: Facebook si mette al volante"}]},{"@type":"WebSite","@id":"https:\/\/www.mycoyote.net\/blog\/#website","url":"https:\/\/www.mycoyote.net\/blog\/","name":"Il Blog Coyote","description":"","publisher":{"@id":"https:\/\/www.mycoyote.net\/blog\/#organization"},"potentialAction":[{"@type":"SearchAction","target":{"@type":"EntryPoint","urlTemplate":"https:\/\/www.mycoyote.net\/blog\/?s={search_term_string}"},"query-input":{"@type":"PropertyValueSpecification","valueRequired":true,"valueName":"search_term_string"}}],"inLanguage":"it-IT"},{"@type":"Organization","@id":"https:\/\/www.mycoyote.net\/blog\/#organization","name":"Coyote","url":"https:\/\/www.mycoyote.net\/blog\/","logo":{"@type":"ImageObject","inLanguage":"it-IT","@id":"https:\/\/www.mycoyote.net\/blog\/#\/schema\/logo\/image\/","url":"https:\/\/medias.coyotesystems.com\/wordpress\/sites\/6\/2024\/02\/Logo-Coyote-1.png","contentUrl":"https:\/\/medias.coyotesystems.com\/wordpress\/sites\/6\/2024\/02\/Logo-Coyote-1.png","width":842,"height":263,"caption":"Coyote"},"image":{"@id":"https:\/\/www.mycoyote.net\/blog\/#\/schema\/logo\/image\/"},"sameAs":["https:\/\/www.facebook.com\/coyoteitalia","https:\/\/x.com\/coyoteitalia","https:\/\/www.instagram.com\/coyoteitalia\/","https:\/\/www.linkedin.com\/company\/coyote-italia\/","https:\/\/www.youtube.com\/channel\/UCF8JOuMbqALJkRHNVyVym7A?sub_confirmation=1"]},{"@type":"Person","@id":"https:\/\/www.mycoyote.net\/blog\/#\/schema\/person\/64533813b9492a794e85f1af19ba3472","name":"Gianni","image":{"@type":"ImageObject","inLanguage":"it-IT","@id":"https:\/\/www.mycoyote.net\/blog\/#\/schema\/person\/image\/","url":"https:\/\/secure.gravatar.com\/avatar\/b171874924edc089f7aa48e72b8a5852413a69c582935b3343a6f5ec034051f5?s=96&d=mm&r=g","contentUrl":"https:\/\/secure.gravatar.com\/avatar\/b171874924edc089f7aa48e72b8a5852413a69c582935b3343a6f5ec034051f5?s=96&d=mm&r=g","caption":"Gianni"}}]}},"_links":{"self":[{"href":"https:\/\/www.mycoyote.net\/blog\/wp-json\/wp\/v2\/posts\/1389","targetHints":{"allow":["GET"]}}],"collection":[{"href":"https:\/\/www.mycoyote.net\/blog\/wp-json\/wp\/v2\/posts"}],"about":[{"href":"https:\/\/www.mycoyote.net\/blog\/wp-json\/wp\/v2\/types\/post"}],"author":[{"embeddable":true,"href":"https:\/\/www.mycoyote.net\/blog\/wp-json\/wp\/v2\/users\/154"}],"replies":[{"embeddable":true,"href":"https:\/\/www.mycoyote.net\/blog\/wp-json\/wp\/v2\/comments?post=1389"}],"version-history":[{"count":0,"href":"https:\/\/www.mycoyote.net\/blog\/wp-json\/wp\/v2\/posts\/1389\/revisions"}],"wp:featuredmedia":[{"embeddable":true,"href":"https:\/\/www.mycoyote.net\/blog\/wp-json\/wp\/v2\/media\/1390"}],"wp:attachment":[{"href":"https:\/\/www.mycoyote.net\/blog\/wp-json\/wp\/v2\/media?parent=1389"}],"wp:term":[{"taxonomy":"category","embeddable":true,"href":"https:\/\/www.mycoyote.net\/blog\/wp-json\/wp\/v2\/categories?post=1389"},{"taxonomy":"post_tag","embeddable":true,"href":"https:\/\/www.mycoyote.net\/blog\/wp-json\/wp\/v2\/tags?post=1389"}],"curies":[{"name":"wp","href":"https:\/\/api.w.org\/{rel}","templated":true}]}}