{"id":279,"date":"2015-03-25T09:41:16","date_gmt":"2015-03-25T08:41:16","guid":{"rendered":"https:\/\/www.mycoyote.net\/blog\/?p=279"},"modified":"2024-09-09T12:36:09","modified_gmt":"2024-09-09T12:36:09","slug":"sicurezza-la-fotografia-della-rete-autostradale-in-europa","status":"publish","type":"post","link":"https:\/\/www.mycoyote.net\/blog\/news\/sicurezza-la-fotografia-della-rete-autostradale-in-europa\/","title":{"rendered":"Sicurezza, la fotografia della rete autostradale in Europa"},"content":{"rendered":"<div class=\"entryhead\"><strong>I numeri dei decessi restano alti, ma diminuiscono rispetto al passato.\u00a0 Tra le cause principali, oltre alla velocit\u00e0 eccessiva e a fattori quali stanchezza e uso di alcol e droghe, <\/strong><strong>c\u2019\u00e8 la\u00a0mancata osservanza dell\u2019obbligo di allacciare le cinture di sicurezza<\/strong><\/div>\n<div class=\"item_inn tranz f-border \">\n<div class=\"entry\">\n<p>Per colpa degli incidenti, nel 2013 sulle autostrade europee sono morte circa 1.900 persone, il 7% di tutte le vittime della strada.\u00a0Un dato alto ma comunque in diminuzione rispetto al passato.\u00a0Negli ultimi dieci anni (2004-2013) \u00e8 stato infatti registrato un calo della mortalit\u00e0 autostradale pari al 49%,\u00a0ben 5 punti in pi\u00f9\u00a0rispetto al 44% sulla restante rete viaria,\u00a0con una riduzione media delle vittime dell\u20198% ogni anno\u00a0(contro il 6,5% delle altre strade).<br \/>\n<span id=\"more-924\"><\/span><\/p>\n<p>\u00c8 quanto emerge dal\u00a0report\u00a0realizzato\u00a0nell\u2019ambito del programma Road Safety Performance Index (PIN) dall\u2019European Transport Safety Council (ETSC), organizzazione non-profit indipendente di cui l\u2019Aci (Automobile Club d\u2019Italia) \u00e8 partner.\u00a0L\u2019ETSC ha analizzato i pi\u00f9 recenti progressi compiuti nel settore della sicurezza sulla rete autostradale in Europa (UE28 pi\u00f9 dati statistici relativi a Norvegia, Serbia, Svizzera e Israele), mettendo quindi a confronto i risultati conseguiti nei diversi Stati.<\/p>\n<p><strong>Best in class<\/strong>. Tra i Paesi che vantano un tasso annuo di riduzione dei decessi in autostrada superiore alla media Ue, ai primi posti ci sono Lituania (-20%), Slovacchia (-14%) e Spagna (-13%), seguite da Danimarca, Serbia, Austria, Gran Bretagna, Repubblica Ceca, Olanda e, in ultimo, l\u2019Italia (penalizzata dal tragico bilancio di 40 morti dell\u2019incidente provocato da un bus turistico sull\u2019A16 nel luglio 2013).\u00a0Tante le differenze messe in evidenza dagli esperti ETSC all\u2019interno del quadro generale europeo. Esaminando, in particolare, il rapporto tra mortalit\u00e0 autostradale e volumi di traffico, il report mostra come il\u00a0fattore di rischio (morti per miliardo di veicoli-km)\u00a0nei Paesi in cui si riscontrano maggiori criticit\u00e0 (Polonia, Ungheria e Lituania) sia da quattro a cinque volte pi\u00f9 alto rispetto a quello dei Paesi che hanno le autostrade pi\u00f9 sicure (Danimarca, Gran Bretagna, Svezia e Olanda).\u00a0L\u2019Italia, sotto questo profilo, presenta livelli di rischio per gli utenti delle autostrade tre volte pi\u00f9 elevati di quelli dei Paesi con le migliori performance.<\/p>\n<p><strong>I \u201ccolpevoli\u201d<\/strong>. In base al report, tra le cause di incidente mortale in autostrada, oltre alla velocit\u00e0 eccessiva e a fattori quali stanchezza e uso di alcol e droghe, c\u2019\u00e8 la\u00a0mancata osservanza dell\u2019obbligo di allacciare le cinture di sicurezza, soprattutto sui sedili posteriori. Una \u201cprassi\u201d\u00a0riscontrata in un\u2019elevata percentuale di incidenti mortali in alcuni Paesi (61% in Belgio, 50% in Finlandia, 40%-50% in Austria, 31% in Ungheria e 23% in Francia).<\/p>\n<p><strong>Contromisure<\/strong>. Un aiuto potrebbe arrivare da una maggiore diffusione delle tecnologie per la sicurezza attiva oggi disponibili, a partire dai sistemi automatici di regolazione della velocit\u00e0 (Intelligent Speed Assistance) e da quelli di allarme per il cambio di corsia (Lane Departure Warning). Secondo studi citati nel rapporto dell\u2019ETSC, questi dispositivi potrebbero migliorare la situazione esistente, comportando un possibile abbattimento dell\u2019incidentalit\u00e0 stradale fino al 20% e un calo delle vittime fino al 20%.<\/p>\n<p><strong>Punti di vista<\/strong>. \u201cLe tecnologie che aiutano il conducente ad evitare gli incidenti pi\u00f9 drammatici hanno tutto il potenziale per salvare migliaia di vite sulle nostre strade\u00a0\u2013 ha sottolineato il\u00a0direttore esecutivo dell\u2019ETSC, Antonio Avenoso\u00a0\u2013\u00a0e mentre il mondo comincia a prevedere un futuro di veicoli completamente automatizzati, un sostegno dell\u2019UE a queste tecnologie intermedie aiuter\u00e0 anche a mantenere il nostro settore automobilistico all\u2019avanguardia in un mercato che rischia di essere dominato dalla concorrenza dei grandi produttori di tecnologia extraeuropei\u201d.\u00a0Sulla stessa lunghezza d\u2019onda il presidente dell\u2019Automobile Club d\u2019Italia, Angelo Sticchi Damiani. \u201cContro gli incidenti stradali potremmo conseguire risultati eccezionali\u00a0con un sistema formativo al passo con i tempi: serve un nuovo percorso di conseguimento della patente che si articoli per step in funzione della potenza del veicolo e corsi propedeutici di guida sicura, tenendo conto delle pi\u00f9 moderne tecnologie in grado di prevenire i sinistri o attutirne gli effetti. Sono ancora tanti gli italiani ignari perfino dell\u2019obbligo delle cinture sui sedili posteriori, in vigore da anni, e queste lacune sono pericolose in autostrada ma anche sulle strade urbane dove si verificano il 75% degli incidenti\u201d. Le idee ci sono. Adesso servono i fatti.<\/p>\n<p>&nbsp;<\/p>\n<p>Vincenzo Bonanno<\/p>\n<\/div>\n<\/div>\n","protected":false},"excerpt":{"rendered":"<p>I numeri dei decessi restano alti, ma diminuiscono rispetto al passato.\u00a0 Tra le cause principali, oltre alla velocit\u00e0 eccessiva e [&hellip;]<\/p>\n","protected":false},"author":136,"featured_media":280,"comment_status":"open","ping_status":"closed","sticky":false,"template":"","format":"standard","meta":{"_acf_changed":false,"footnotes":""},"categories":[4,56],"tags":[],"class_list":["post-279","post","type-post","status-publish","format-standard","has-post-thumbnail","hentry","category-news","category-viaggiare-sicuri"],"acf":[],"yoast_head":"<!-- This site is optimized with the Yoast SEO plugin v25.9 - https:\/\/yoast.com\/wordpress\/plugins\/seo\/ -->\n<title>Sicurezza, la fotografia della rete autostradale in Europa - Il Blog Coyote<\/title>\n<meta name=\"description\" content=\"Velocit\u00e0 eccessiva e a fattori quali stanchezza e uso di alcol e droghe, c\u2019\u00e8 la mancata osservanza dell\u2019obbligo di allacciare le cinture di sicurezza\" \/>\n<meta name=\"robots\" content=\"index, follow, max-snippet:-1, max-image-preview:large, max-video-preview:-1\" \/>\n<link rel=\"canonical\" href=\"https:\/\/www.mycoyote.net\/blog\/sicurezza-la-fotografia-della-rete-autostradale-in-europa\/\" \/>\n<meta property=\"og:locale\" content=\"it_IT\" \/>\n<meta property=\"og:type\" content=\"article\" \/>\n<meta property=\"og:title\" content=\"Sicurezza, la fotografia della rete autostradale in Europa - Il Blog Coyote\" \/>\n<meta property=\"og:description\" content=\"Velocit\u00e0 eccessiva e a fattori quali stanchezza e uso di alcol e droghe, c\u2019\u00e8 la mancata osservanza dell\u2019obbligo di allacciare le cinture di sicurezza\" \/>\n<meta property=\"og:url\" content=\"https:\/\/www.mycoyote.net\/blog\/sicurezza-la-fotografia-della-rete-autostradale-in-europa\/\" \/>\n<meta property=\"og:site_name\" content=\"Il Blog Coyote\" \/>\n<meta property=\"article:publisher\" content=\"https:\/\/www.facebook.com\/coyoteitalia\" \/>\n<meta property=\"article:published_time\" content=\"2015-03-25T08:41:16+00:00\" \/>\n<meta property=\"article:modified_time\" content=\"2024-09-09T12:36:09+00:00\" \/>\n<meta property=\"og:image\" content=\"https:\/\/medias.coyotesystems.com\/wordpress\/sites\/6\/2016\/03\/AD006_12798794_0-770x440-1.jpg\" \/>\n\t<meta property=\"og:image:width\" content=\"770\" \/>\n\t<meta property=\"og:image:height\" content=\"440\" \/>\n\t<meta property=\"og:image:type\" content=\"image\/jpeg\" \/>\n<meta name=\"author\" content=\"Fran\u00e7ois Delon\" \/>\n<meta name=\"twitter:card\" content=\"summary_large_image\" \/>\n<meta name=\"twitter:creator\" content=\"@coyoteitalia\" \/>\n<meta name=\"twitter:site\" content=\"@coyoteitalia\" \/>\n<meta name=\"twitter:label1\" content=\"Written by\" \/>\n\t<meta name=\"twitter:data1\" content=\"Fran\u00e7ois Delon\" \/>\n\t<meta name=\"twitter:label2\" content=\"Est. reading time\" \/>\n\t<meta name=\"twitter:data2\" content=\"3 minuti\" \/>\n<script type=\"application\/ld+json\" class=\"yoast-schema-graph\">{\"@context\":\"https:\/\/schema.org\",\"@graph\":[{\"@type\":\"Article\",\"@id\":\"https:\/\/www.mycoyote.net\/blog\/sicurezza-la-fotografia-della-rete-autostradale-in-europa\/#article\",\"isPartOf\":{\"@id\":\"https:\/\/www.mycoyote.net\/blog\/news\/sicurezza-la-fotografia-della-rete-autostradale-in-europa\/\"},\"author\":{\"name\":\"Fran\u00e7ois Delon\",\"@id\":\"https:\/\/www.mycoyote.net\/blog\/#\/schema\/person\/9cd9844469ae7f7d7eff44559995e511\"},\"headline\":\"Sicurezza, la fotografia della rete autostradale in Europa\",\"datePublished\":\"2015-03-25T08:41:16+00:00\",\"dateModified\":\"2024-09-09T12:36:09+00:00\",\"mainEntityOfPage\":{\"@id\":\"https:\/\/www.mycoyote.net\/blog\/news\/sicurezza-la-fotografia-della-rete-autostradale-in-europa\/\"},\"wordCount\":702,\"commentCount\":0,\"publisher\":{\"@id\":\"https:\/\/www.mycoyote.net\/blog\/#organization\"},\"image\":{\"@id\":\"https:\/\/www.mycoyote.net\/blog\/sicurezza-la-fotografia-della-rete-autostradale-in-europa\/#primaryimage\"},\"thumbnailUrl\":\"https:\/\/medias.coyotesystems.com\/wordpress\/sites\/6\/2016\/03\/AD006_12798794_0-770x440-1.jpg\",\"articleSection\":[\"News\",\"Viaggiare sicuri\"],\"inLanguage\":\"it-IT\",\"potentialAction\":[{\"@type\":\"CommentAction\",\"name\":\"Comment\",\"target\":[\"https:\/\/www.mycoyote.net\/blog\/sicurezza-la-fotografia-della-rete-autostradale-in-europa\/#respond\"]}]},{\"@type\":\"WebPage\",\"@id\":\"https:\/\/www.mycoyote.net\/blog\/news\/sicurezza-la-fotografia-della-rete-autostradale-in-europa\/\",\"url\":\"https:\/\/www.mycoyote.net\/blog\/sicurezza-la-fotografia-della-rete-autostradale-in-europa\/\",\"name\":\"Sicurezza, la fotografia della rete autostradale in Europa - Il Blog Coyote\",\"isPartOf\":{\"@id\":\"https:\/\/www.mycoyote.net\/blog\/#website\"},\"primaryImageOfPage\":{\"@id\":\"https:\/\/www.mycoyote.net\/blog\/sicurezza-la-fotografia-della-rete-autostradale-in-europa\/#primaryimage\"},\"image\":{\"@id\":\"https:\/\/www.mycoyote.net\/blog\/sicurezza-la-fotografia-della-rete-autostradale-in-europa\/#primaryimage\"},\"thumbnailUrl\":\"https:\/\/medias.coyotesystems.com\/wordpress\/sites\/6\/2016\/03\/AD006_12798794_0-770x440-1.jpg\",\"datePublished\":\"2015-03-25T08:41:16+00:00\",\"dateModified\":\"2024-09-09T12:36:09+00:00\",\"description\":\"Velocit\u00e0 eccessiva e a fattori quali stanchezza e uso di alcol e droghe, c\u2019\u00e8 la mancata osservanza dell\u2019obbligo di allacciare le cinture di sicurezza\",\"breadcrumb\":{\"@id\":\"https:\/\/www.mycoyote.net\/blog\/sicurezza-la-fotografia-della-rete-autostradale-in-europa\/#breadcrumb\"},\"inLanguage\":\"it-IT\",\"potentialAction\":[{\"@type\":\"ReadAction\",\"target\":[\"https:\/\/www.mycoyote.net\/blog\/sicurezza-la-fotografia-della-rete-autostradale-in-europa\/\"]}]},{\"@type\":\"ImageObject\",\"inLanguage\":\"it-IT\",\"@id\":\"https:\/\/www.mycoyote.net\/blog\/sicurezza-la-fotografia-della-rete-autostradale-in-europa\/#primaryimage\",\"url\":\"https:\/\/medias.coyotesystems.com\/wordpress\/sites\/6\/2016\/03\/AD006_12798794_0-770x440-1.jpg\",\"contentUrl\":\"https:\/\/medias.coyotesystems.com\/wordpress\/sites\/6\/2016\/03\/AD006_12798794_0-770x440-1.jpg\",\"width\":770,\"height\":440,\"caption\":\"sicurezza autostradale europa\"},{\"@type\":\"BreadcrumbList\",\"@id\":\"https:\/\/www.mycoyote.net\/blog\/sicurezza-la-fotografia-della-rete-autostradale-in-europa\/#breadcrumb\",\"itemListElement\":[{\"@type\":\"ListItem\",\"position\":1,\"name\":\"Home\",\"item\":\"https:\/\/www.mycoyote.net\/blog\/\"},{\"@type\":\"ListItem\",\"position\":2,\"name\":\"News\",\"item\":\"https:\/\/www.mycoyote.net\/blog\/news\/\"},{\"@type\":\"ListItem\",\"position\":3,\"name\":\"Sicurezza, la fotografia della rete autostradale in Europa\"}]},{\"@type\":\"WebSite\",\"@id\":\"https:\/\/www.mycoyote.net\/blog\/#website\",\"url\":\"https:\/\/www.mycoyote.net\/blog\/\",\"name\":\"Il Blog Coyote\",\"description\":\"\",\"publisher\":{\"@id\":\"https:\/\/www.mycoyote.net\/blog\/#organization\"},\"potentialAction\":[{\"@type\":\"SearchAction\",\"target\":{\"@type\":\"EntryPoint\",\"urlTemplate\":\"https:\/\/www.mycoyote.net\/blog\/?s={search_term_string}\"},\"query-input\":{\"@type\":\"PropertyValueSpecification\",\"valueRequired\":true,\"valueName\":\"search_term_string\"}}],\"inLanguage\":\"it-IT\"},{\"@type\":\"Organization\",\"@id\":\"https:\/\/www.mycoyote.net\/blog\/#organization\",\"name\":\"Coyote\",\"url\":\"https:\/\/www.mycoyote.net\/blog\/\",\"logo\":{\"@type\":\"ImageObject\",\"inLanguage\":\"it-IT\",\"@id\":\"https:\/\/www.mycoyote.net\/blog\/#\/schema\/logo\/image\/\",\"url\":\"https:\/\/medias.coyotesystems.com\/wordpress\/sites\/6\/2024\/02\/Logo-Coyote-1.png\",\"contentUrl\":\"https:\/\/medias.coyotesystems.com\/wordpress\/sites\/6\/2024\/02\/Logo-Coyote-1.png\",\"width\":842,\"height\":263,\"caption\":\"Coyote\"},\"image\":{\"@id\":\"https:\/\/www.mycoyote.net\/blog\/#\/schema\/logo\/image\/\"},\"sameAs\":[\"https:\/\/www.facebook.com\/coyoteitalia\",\"https:\/\/x.com\/coyoteitalia\",\"https:\/\/www.instagram.com\/coyoteitalia\/\",\"https:\/\/www.linkedin.com\/company\/coyote-italia\/\",\"https:\/\/www.youtube.com\/channel\/UCF8JOuMbqALJkRHNVyVym7A?sub_confirmation=1\"]},{\"@type\":\"Person\",\"@id\":\"https:\/\/www.mycoyote.net\/blog\/#\/schema\/person\/9cd9844469ae7f7d7eff44559995e511\",\"name\":\"Fran\u00e7ois Delon\",\"image\":{\"@type\":\"ImageObject\",\"inLanguage\":\"it-IT\",\"@id\":\"https:\/\/www.mycoyote.net\/blog\/#\/schema\/person\/image\/\",\"url\":\"https:\/\/secure.gravatar.com\/avatar\/cd85a0c7b37837441f0dc2da373d165b462e98bfb3e0c0815b9ccfd94b6138d6?s=96&d=mm&r=g\",\"contentUrl\":\"https:\/\/secure.gravatar.com\/avatar\/cd85a0c7b37837441f0dc2da373d165b462e98bfb3e0c0815b9ccfd94b6138d6?s=96&d=mm&r=g\",\"caption\":\"Fran\u00e7ois Delon\"}}]}<\/script>\n<!-- \/ Yoast SEO plugin. -->","yoast_head_json":{"title":"Sicurezza, la fotografia della rete autostradale in Europa - Il Blog Coyote","description":"Velocit\u00e0 eccessiva e a fattori quali stanchezza e uso di alcol e droghe, c\u2019\u00e8 la mancata osservanza dell\u2019obbligo di allacciare le cinture di sicurezza","robots":{"index":"index","follow":"follow","max-snippet":"max-snippet:-1","max-image-preview":"max-image-preview:large","max-video-preview":"max-video-preview:-1"},"canonical":"https:\/\/www.mycoyote.net\/blog\/sicurezza-la-fotografia-della-rete-autostradale-in-europa\/","og_locale":"it_IT","og_type":"article","og_title":"Sicurezza, la fotografia della rete autostradale in Europa - Il Blog Coyote","og_description":"Velocit\u00e0 eccessiva e a fattori quali stanchezza e uso di alcol e droghe, c\u2019\u00e8 la mancata osservanza dell\u2019obbligo di allacciare le cinture di sicurezza","og_url":"https:\/\/www.mycoyote.net\/blog\/sicurezza-la-fotografia-della-rete-autostradale-in-europa\/","og_site_name":"Il Blog Coyote","article_publisher":"https:\/\/www.facebook.com\/coyoteitalia","article_published_time":"2015-03-25T08:41:16+00:00","article_modified_time":"2024-09-09T12:36:09+00:00","og_image":[{"width":770,"height":440,"url":"https:\/\/medias.coyotesystems.com\/wordpress\/sites\/6\/2016\/03\/AD006_12798794_0-770x440-1.jpg","type":"image\/jpeg"}],"author":"Fran\u00e7ois Delon","twitter_card":"summary_large_image","twitter_creator":"@coyoteitalia","twitter_site":"@coyoteitalia","twitter_misc":{"Written by":"Fran\u00e7ois Delon","Est. reading time":"3 minuti"},"schema":{"@context":"https:\/\/schema.org","@graph":[{"@type":"Article","@id":"https:\/\/www.mycoyote.net\/blog\/sicurezza-la-fotografia-della-rete-autostradale-in-europa\/#article","isPartOf":{"@id":"https:\/\/www.mycoyote.net\/blog\/news\/sicurezza-la-fotografia-della-rete-autostradale-in-europa\/"},"author":{"name":"Fran\u00e7ois Delon","@id":"https:\/\/www.mycoyote.net\/blog\/#\/schema\/person\/9cd9844469ae7f7d7eff44559995e511"},"headline":"Sicurezza, la fotografia della rete autostradale in Europa","datePublished":"2015-03-25T08:41:16+00:00","dateModified":"2024-09-09T12:36:09+00:00","mainEntityOfPage":{"@id":"https:\/\/www.mycoyote.net\/blog\/news\/sicurezza-la-fotografia-della-rete-autostradale-in-europa\/"},"wordCount":702,"commentCount":0,"publisher":{"@id":"https:\/\/www.mycoyote.net\/blog\/#organization"},"image":{"@id":"https:\/\/www.mycoyote.net\/blog\/sicurezza-la-fotografia-della-rete-autostradale-in-europa\/#primaryimage"},"thumbnailUrl":"https:\/\/medias.coyotesystems.com\/wordpress\/sites\/6\/2016\/03\/AD006_12798794_0-770x440-1.jpg","articleSection":["News","Viaggiare sicuri"],"inLanguage":"it-IT","potentialAction":[{"@type":"CommentAction","name":"Comment","target":["https:\/\/www.mycoyote.net\/blog\/sicurezza-la-fotografia-della-rete-autostradale-in-europa\/#respond"]}]},{"@type":"WebPage","@id":"https:\/\/www.mycoyote.net\/blog\/news\/sicurezza-la-fotografia-della-rete-autostradale-in-europa\/","url":"https:\/\/www.mycoyote.net\/blog\/sicurezza-la-fotografia-della-rete-autostradale-in-europa\/","name":"Sicurezza, la fotografia della rete autostradale in Europa - Il Blog Coyote","isPartOf":{"@id":"https:\/\/www.mycoyote.net\/blog\/#website"},"primaryImageOfPage":{"@id":"https:\/\/www.mycoyote.net\/blog\/sicurezza-la-fotografia-della-rete-autostradale-in-europa\/#primaryimage"},"image":{"@id":"https:\/\/www.mycoyote.net\/blog\/sicurezza-la-fotografia-della-rete-autostradale-in-europa\/#primaryimage"},"thumbnailUrl":"https:\/\/medias.coyotesystems.com\/wordpress\/sites\/6\/2016\/03\/AD006_12798794_0-770x440-1.jpg","datePublished":"2015-03-25T08:41:16+00:00","dateModified":"2024-09-09T12:36:09+00:00","description":"Velocit\u00e0 eccessiva e a fattori quali stanchezza e uso di alcol e droghe, c\u2019\u00e8 la mancata osservanza dell\u2019obbligo di allacciare le cinture di sicurezza","breadcrumb":{"@id":"https:\/\/www.mycoyote.net\/blog\/sicurezza-la-fotografia-della-rete-autostradale-in-europa\/#breadcrumb"},"inLanguage":"it-IT","potentialAction":[{"@type":"ReadAction","target":["https:\/\/www.mycoyote.net\/blog\/sicurezza-la-fotografia-della-rete-autostradale-in-europa\/"]}]},{"@type":"ImageObject","inLanguage":"it-IT","@id":"https:\/\/www.mycoyote.net\/blog\/sicurezza-la-fotografia-della-rete-autostradale-in-europa\/#primaryimage","url":"https:\/\/medias.coyotesystems.com\/wordpress\/sites\/6\/2016\/03\/AD006_12798794_0-770x440-1.jpg","contentUrl":"https:\/\/medias.coyotesystems.com\/wordpress\/sites\/6\/2016\/03\/AD006_12798794_0-770x440-1.jpg","width":770,"height":440,"caption":"sicurezza autostradale europa"},{"@type":"BreadcrumbList","@id":"https:\/\/www.mycoyote.net\/blog\/sicurezza-la-fotografia-della-rete-autostradale-in-europa\/#breadcrumb","itemListElement":[{"@type":"ListItem","position":1,"name":"Home","item":"https:\/\/www.mycoyote.net\/blog\/"},{"@type":"ListItem","position":2,"name":"News","item":"https:\/\/www.mycoyote.net\/blog\/news\/"},{"@type":"ListItem","position":3,"name":"Sicurezza, la fotografia della rete autostradale in Europa"}]},{"@type":"WebSite","@id":"https:\/\/www.mycoyote.net\/blog\/#website","url":"https:\/\/www.mycoyote.net\/blog\/","name":"Il Blog Coyote","description":"","publisher":{"@id":"https:\/\/www.mycoyote.net\/blog\/#organization"},"potentialAction":[{"@type":"SearchAction","target":{"@type":"EntryPoint","urlTemplate":"https:\/\/www.mycoyote.net\/blog\/?s={search_term_string}"},"query-input":{"@type":"PropertyValueSpecification","valueRequired":true,"valueName":"search_term_string"}}],"inLanguage":"it-IT"},{"@type":"Organization","@id":"https:\/\/www.mycoyote.net\/blog\/#organization","name":"Coyote","url":"https:\/\/www.mycoyote.net\/blog\/","logo":{"@type":"ImageObject","inLanguage":"it-IT","@id":"https:\/\/www.mycoyote.net\/blog\/#\/schema\/logo\/image\/","url":"https:\/\/medias.coyotesystems.com\/wordpress\/sites\/6\/2024\/02\/Logo-Coyote-1.png","contentUrl":"https:\/\/medias.coyotesystems.com\/wordpress\/sites\/6\/2024\/02\/Logo-Coyote-1.png","width":842,"height":263,"caption":"Coyote"},"image":{"@id":"https:\/\/www.mycoyote.net\/blog\/#\/schema\/logo\/image\/"},"sameAs":["https:\/\/www.facebook.com\/coyoteitalia","https:\/\/x.com\/coyoteitalia","https:\/\/www.instagram.com\/coyoteitalia\/","https:\/\/www.linkedin.com\/company\/coyote-italia\/","https:\/\/www.youtube.com\/channel\/UCF8JOuMbqALJkRHNVyVym7A?sub_confirmation=1"]},{"@type":"Person","@id":"https:\/\/www.mycoyote.net\/blog\/#\/schema\/person\/9cd9844469ae7f7d7eff44559995e511","name":"Fran\u00e7ois Delon","image":{"@type":"ImageObject","inLanguage":"it-IT","@id":"https:\/\/www.mycoyote.net\/blog\/#\/schema\/person\/image\/","url":"https:\/\/secure.gravatar.com\/avatar\/cd85a0c7b37837441f0dc2da373d165b462e98bfb3e0c0815b9ccfd94b6138d6?s=96&d=mm&r=g","contentUrl":"https:\/\/secure.gravatar.com\/avatar\/cd85a0c7b37837441f0dc2da373d165b462e98bfb3e0c0815b9ccfd94b6138d6?s=96&d=mm&r=g","caption":"Fran\u00e7ois Delon"}}]}},"_links":{"self":[{"href":"https:\/\/www.mycoyote.net\/blog\/wp-json\/wp\/v2\/posts\/279","targetHints":{"allow":["GET"]}}],"collection":[{"href":"https:\/\/www.mycoyote.net\/blog\/wp-json\/wp\/v2\/posts"}],"about":[{"href":"https:\/\/www.mycoyote.net\/blog\/wp-json\/wp\/v2\/types\/post"}],"author":[{"embeddable":true,"href":"https:\/\/www.mycoyote.net\/blog\/wp-json\/wp\/v2\/users\/136"}],"replies":[{"embeddable":true,"href":"https:\/\/www.mycoyote.net\/blog\/wp-json\/wp\/v2\/comments?post=279"}],"version-history":[{"count":1,"href":"https:\/\/www.mycoyote.net\/blog\/wp-json\/wp\/v2\/posts\/279\/revisions"}],"predecessor-version":[{"id":6287,"href":"https:\/\/www.mycoyote.net\/blog\/wp-json\/wp\/v2\/posts\/279\/revisions\/6287"}],"wp:featuredmedia":[{"embeddable":true,"href":"https:\/\/www.mycoyote.net\/blog\/wp-json\/wp\/v2\/media\/280"}],"wp:attachment":[{"href":"https:\/\/www.mycoyote.net\/blog\/wp-json\/wp\/v2\/media?parent=279"}],"wp:term":[{"taxonomy":"category","embeddable":true,"href":"https:\/\/www.mycoyote.net\/blog\/wp-json\/wp\/v2\/categories?post=279"},{"taxonomy":"post_tag","embeddable":true,"href":"https:\/\/www.mycoyote.net\/blog\/wp-json\/wp\/v2\/tags?post=279"}],"curies":[{"name":"wp","href":"https:\/\/api.w.org\/{rel}","templated":true}]}}