{"id":336,"date":"2015-01-21T12:15:31","date_gmt":"2015-01-21T11:15:31","guid":{"rendered":"https:\/\/www.mycoyote.net\/blog\/?p=336"},"modified":"2024-09-09T12:33:59","modified_gmt":"2024-09-09T12:33:59","slug":"colpo-di-sonno-stretta-sulle-patenti-in-europa","status":"publish","type":"post","link":"https:\/\/www.mycoyote.net\/blog\/news\/colpo-di-sonno-stretta-sulle-patenti-in-europa\/","title":{"rendered":"Colpo di sonno, stretta sulle patenti in Europa"},"content":{"rendered":"<div class=\"entryhead\">Europa ha approvato una direttiva per l\u2019accertamento delle patologie respiratorie che provocano sonnolenza, causando un incidente su cinque. Controlli medici pi\u00f9 severi.<\/div>\n<div class=\"item_inn tranz f-border \">\n<div class=\"entry\">\n<p>&nbsp;<\/p>\n<div><strong>Colpo di sonno<\/strong> al volante, l\u2019Unione europea corre ai ripari: <strong>al momento del rilascio o del rinnovo della patente<\/strong>, 500 milioni di europei saranno sottoposti a test valutativi su eventuali <strong>disturbi respiratori<\/strong> che compromettono il riposo, generando cos\u00ec <strong>sonnolenza diurna<\/strong> e causando il 22% degli incidenti. La direttiva approvata dall\u2019Ue impegna gli Stati membri a varare una legge che obblighi i conducenti di auto, moto, furgoni e camion a rispondere a specifiche domande su malattie come l\u2019Osas (sindrome delle apnee ostruttive nel sonno). In caso di sospetta patologia, scatta il rinvio a un consulto medico ad hoc. Nessun dramma, comunque. Qualora l\u2019esito della visita sia positivo, si potr\u00e0 <strong>continuare a guidare<\/strong> un veicolo dimostrando di seguire le terapie in corso. Caler\u00e0 invece la <strong>durata della validit\u00e0 della patente<\/strong>: tra 2 e 3 anni, in base alla gravit\u00e0 dei disturbi riscontrati.<\/div>\n<div><\/div>\n<div><strong>LA POSIZIONE DELL\u2019ACI.<\/strong> \u00abL\u2019Unione europea ha compiuto un passo importante, che garantisce pi\u00f9 <strong>sicurezza sulle strade<\/strong> attraverso una maggiore consapevolezza degli automobilisti sui propri limiti, favorendo l\u2019accertamento di patologie sottovalutate e spesso ignorate\u00bb, ha dichiarato il presidente dell\u2019Automobile Club d\u2019Italia, Angelo Sticchi Damiani. \u00abDa anni l\u2019Aci sollecita, insieme a tante organizzazioni scientifiche, il giusto inquadramento di tutti i disturbi fisici che compromettono le capacit\u00e0 di chi \u00e8 al volante, senza colpevolizzare chi ne \u00e8 affetto o limitare ingiustamente il diritto alla mobilit\u00e0 degli individui\u00bb. In gioco ci sono tante vite umane.<\/div>\n<div><\/div>\n<div>Vincenzo Bonanno<\/div>\n<\/div>\n<\/div>\n","protected":false},"excerpt":{"rendered":"<p>Europa ha approvato una direttiva per l\u2019accertamento delle patologie respiratorie che provocano sonnolenza, causando un incidente su cinque. Controlli medici [&hellip;]<\/p>\n","protected":false},"author":136,"featured_media":337,"comment_status":"open","ping_status":"closed","sticky":false,"template":"","format":"standard","meta":{"_acf_changed":false,"footnotes":""},"categories":[4,56],"tags":[],"class_list":["post-336","post","type-post","status-publish","format-standard","has-post-thumbnail","hentry","category-news","category-viaggiare-sicuri"],"acf":[],"yoast_head":"<!-- This site is optimized with the Yoast SEO plugin v25.9 - https:\/\/yoast.com\/wordpress\/plugins\/seo\/ -->\n<title>Colpo di sonno, stretta sulle patenti in Europa - Il Blog Coyote<\/title>\n<meta name=\"description\" content=\"Europa ha approvato una direttiva per l\u2019accertamento delle patologie respiratorie che provocano sonnolenza, causando un incidente su cinque.\" \/>\n<meta name=\"robots\" content=\"index, follow, max-snippet:-1, max-image-preview:large, max-video-preview:-1\" \/>\n<link rel=\"canonical\" href=\"https:\/\/www.mycoyote.net\/blog\/colpo-di-sonno-stretta-sulle-patenti-in-europa\/\" \/>\n<meta property=\"og:locale\" content=\"it_IT\" \/>\n<meta property=\"og:type\" content=\"article\" \/>\n<meta property=\"og:title\" content=\"Colpo di sonno, stretta sulle patenti in Europa - Il Blog Coyote\" \/>\n<meta property=\"og:description\" content=\"Europa ha approvato una direttiva per l\u2019accertamento delle patologie respiratorie che provocano sonnolenza, causando un incidente su cinque.\" \/>\n<meta property=\"og:url\" content=\"https:\/\/www.mycoyote.net\/blog\/colpo-di-sonno-stretta-sulle-patenti-in-europa\/\" \/>\n<meta property=\"og:site_name\" content=\"Il Blog Coyote\" \/>\n<meta property=\"article:publisher\" content=\"https:\/\/www.facebook.com\/coyoteitalia\" \/>\n<meta property=\"article:published_time\" content=\"2015-01-21T11:15:31+00:00\" \/>\n<meta property=\"article:modified_time\" content=\"2024-09-09T12:33:59+00:00\" \/>\n<meta property=\"og:image\" content=\"https:\/\/medias.coyotesystems.com\/wordpress\/sites\/6\/2016\/03\/Fotolia_33429704_Subscription_Monthly_M-770x440-1.jpg\" \/>\n\t<meta property=\"og:image:width\" content=\"770\" \/>\n\t<meta property=\"og:image:height\" content=\"440\" \/>\n\t<meta property=\"og:image:type\" content=\"image\/jpeg\" \/>\n<meta name=\"author\" content=\"Fran\u00e7ois Delon\" \/>\n<meta name=\"twitter:card\" content=\"summary_large_image\" \/>\n<meta name=\"twitter:creator\" content=\"@coyoteitalia\" \/>\n<meta name=\"twitter:site\" content=\"@coyoteitalia\" \/>\n<meta name=\"twitter:label1\" content=\"Written by\" \/>\n\t<meta name=\"twitter:data1\" content=\"Fran\u00e7ois Delon\" \/>\n\t<meta name=\"twitter:label2\" content=\"Est. reading time\" \/>\n\t<meta name=\"twitter:data2\" content=\"1 minuto\" \/>\n<script type=\"application\/ld+json\" class=\"yoast-schema-graph\">{\"@context\":\"https:\/\/schema.org\",\"@graph\":[{\"@type\":\"Article\",\"@id\":\"https:\/\/www.mycoyote.net\/blog\/colpo-di-sonno-stretta-sulle-patenti-in-europa\/#article\",\"isPartOf\":{\"@id\":\"https:\/\/www.mycoyote.net\/blog\/news\/colpo-di-sonno-stretta-sulle-patenti-in-europa\/\"},\"author\":{\"name\":\"Fran\u00e7ois Delon\",\"@id\":\"https:\/\/www.mycoyote.net\/blog\/#\/schema\/person\/9cd9844469ae7f7d7eff44559995e511\"},\"headline\":\"Colpo di sonno, stretta sulle patenti in Europa\",\"datePublished\":\"2015-01-21T11:15:31+00:00\",\"dateModified\":\"2024-09-09T12:33:59+00:00\",\"mainEntityOfPage\":{\"@id\":\"https:\/\/www.mycoyote.net\/blog\/news\/colpo-di-sonno-stretta-sulle-patenti-in-europa\/\"},\"wordCount\":269,\"commentCount\":0,\"publisher\":{\"@id\":\"https:\/\/www.mycoyote.net\/blog\/#organization\"},\"image\":{\"@id\":\"https:\/\/www.mycoyote.net\/blog\/colpo-di-sonno-stretta-sulle-patenti-in-europa\/#primaryimage\"},\"thumbnailUrl\":\"https:\/\/medias.coyotesystems.com\/wordpress\/sites\/6\/2016\/03\/Fotolia_33429704_Subscription_Monthly_M-770x440-1.jpg\",\"articleSection\":[\"News\",\"Viaggiare sicuri\"],\"inLanguage\":\"it-IT\",\"potentialAction\":[{\"@type\":\"CommentAction\",\"name\":\"Comment\",\"target\":[\"https:\/\/www.mycoyote.net\/blog\/colpo-di-sonno-stretta-sulle-patenti-in-europa\/#respond\"]}]},{\"@type\":\"WebPage\",\"@id\":\"https:\/\/www.mycoyote.net\/blog\/news\/colpo-di-sonno-stretta-sulle-patenti-in-europa\/\",\"url\":\"https:\/\/www.mycoyote.net\/blog\/colpo-di-sonno-stretta-sulle-patenti-in-europa\/\",\"name\":\"Colpo di sonno, stretta sulle patenti in Europa - Il Blog Coyote\",\"isPartOf\":{\"@id\":\"https:\/\/www.mycoyote.net\/blog\/#website\"},\"primaryImageOfPage\":{\"@id\":\"https:\/\/www.mycoyote.net\/blog\/colpo-di-sonno-stretta-sulle-patenti-in-europa\/#primaryimage\"},\"image\":{\"@id\":\"https:\/\/www.mycoyote.net\/blog\/colpo-di-sonno-stretta-sulle-patenti-in-europa\/#primaryimage\"},\"thumbnailUrl\":\"https:\/\/medias.coyotesystems.com\/wordpress\/sites\/6\/2016\/03\/Fotolia_33429704_Subscription_Monthly_M-770x440-1.jpg\",\"datePublished\":\"2015-01-21T11:15:31+00:00\",\"dateModified\":\"2024-09-09T12:33:59+00:00\",\"description\":\"Europa ha approvato una direttiva per l\u2019accertamento delle patologie respiratorie che provocano sonnolenza, causando un incidente su cinque.\",\"breadcrumb\":{\"@id\":\"https:\/\/www.mycoyote.net\/blog\/colpo-di-sonno-stretta-sulle-patenti-in-europa\/#breadcrumb\"},\"inLanguage\":\"it-IT\",\"potentialAction\":[{\"@type\":\"ReadAction\",\"target\":[\"https:\/\/www.mycoyote.net\/blog\/colpo-di-sonno-stretta-sulle-patenti-in-europa\/\"]}]},{\"@type\":\"ImageObject\",\"inLanguage\":\"it-IT\",\"@id\":\"https:\/\/www.mycoyote.net\/blog\/colpo-di-sonno-stretta-sulle-patenti-in-europa\/#primaryimage\",\"url\":\"https:\/\/medias.coyotesystems.com\/wordpress\/sites\/6\/2016\/03\/Fotolia_33429704_Subscription_Monthly_M-770x440-1.jpg\",\"contentUrl\":\"https:\/\/medias.coyotesystems.com\/wordpress\/sites\/6\/2016\/03\/Fotolia_33429704_Subscription_Monthly_M-770x440-1.jpg\",\"width\":770,\"height\":440,\"caption\":\"colpo di sonno europa\"},{\"@type\":\"BreadcrumbList\",\"@id\":\"https:\/\/www.mycoyote.net\/blog\/colpo-di-sonno-stretta-sulle-patenti-in-europa\/#breadcrumb\",\"itemListElement\":[{\"@type\":\"ListItem\",\"position\":1,\"name\":\"Home\",\"item\":\"https:\/\/www.mycoyote.net\/blog\/\"},{\"@type\":\"ListItem\",\"position\":2,\"name\":\"News\",\"item\":\"https:\/\/www.mycoyote.net\/blog\/news\/\"},{\"@type\":\"ListItem\",\"position\":3,\"name\":\"Colpo di sonno, stretta sulle patenti in Europa\"}]},{\"@type\":\"WebSite\",\"@id\":\"https:\/\/www.mycoyote.net\/blog\/#website\",\"url\":\"https:\/\/www.mycoyote.net\/blog\/\",\"name\":\"Il Blog Coyote\",\"description\":\"\",\"publisher\":{\"@id\":\"https:\/\/www.mycoyote.net\/blog\/#organization\"},\"potentialAction\":[{\"@type\":\"SearchAction\",\"target\":{\"@type\":\"EntryPoint\",\"urlTemplate\":\"https:\/\/www.mycoyote.net\/blog\/?s={search_term_string}\"},\"query-input\":{\"@type\":\"PropertyValueSpecification\",\"valueRequired\":true,\"valueName\":\"search_term_string\"}}],\"inLanguage\":\"it-IT\"},{\"@type\":\"Organization\",\"@id\":\"https:\/\/www.mycoyote.net\/blog\/#organization\",\"name\":\"Coyote\",\"url\":\"https:\/\/www.mycoyote.net\/blog\/\",\"logo\":{\"@type\":\"ImageObject\",\"inLanguage\":\"it-IT\",\"@id\":\"https:\/\/www.mycoyote.net\/blog\/#\/schema\/logo\/image\/\",\"url\":\"https:\/\/medias.coyotesystems.com\/wordpress\/sites\/6\/2024\/02\/Logo-Coyote-1.png\",\"contentUrl\":\"https:\/\/medias.coyotesystems.com\/wordpress\/sites\/6\/2024\/02\/Logo-Coyote-1.png\",\"width\":842,\"height\":263,\"caption\":\"Coyote\"},\"image\":{\"@id\":\"https:\/\/www.mycoyote.net\/blog\/#\/schema\/logo\/image\/\"},\"sameAs\":[\"https:\/\/www.facebook.com\/coyoteitalia\",\"https:\/\/x.com\/coyoteitalia\",\"https:\/\/www.instagram.com\/coyoteitalia\/\",\"https:\/\/www.linkedin.com\/company\/coyote-italia\/\",\"https:\/\/www.youtube.com\/channel\/UCF8JOuMbqALJkRHNVyVym7A?sub_confirmation=1\"]},{\"@type\":\"Person\",\"@id\":\"https:\/\/www.mycoyote.net\/blog\/#\/schema\/person\/9cd9844469ae7f7d7eff44559995e511\",\"name\":\"Fran\u00e7ois Delon\",\"image\":{\"@type\":\"ImageObject\",\"inLanguage\":\"it-IT\",\"@id\":\"https:\/\/www.mycoyote.net\/blog\/#\/schema\/person\/image\/\",\"url\":\"https:\/\/secure.gravatar.com\/avatar\/cd85a0c7b37837441f0dc2da373d165b462e98bfb3e0c0815b9ccfd94b6138d6?s=96&d=mm&r=g\",\"contentUrl\":\"https:\/\/secure.gravatar.com\/avatar\/cd85a0c7b37837441f0dc2da373d165b462e98bfb3e0c0815b9ccfd94b6138d6?s=96&d=mm&r=g\",\"caption\":\"Fran\u00e7ois Delon\"}}]}<\/script>\n<!-- \/ Yoast SEO plugin. -->","yoast_head_json":{"title":"Colpo di sonno, stretta sulle patenti in Europa - Il Blog Coyote","description":"Europa ha approvato una direttiva per l\u2019accertamento delle patologie respiratorie che provocano sonnolenza, causando un incidente su cinque.","robots":{"index":"index","follow":"follow","max-snippet":"max-snippet:-1","max-image-preview":"max-image-preview:large","max-video-preview":"max-video-preview:-1"},"canonical":"https:\/\/www.mycoyote.net\/blog\/colpo-di-sonno-stretta-sulle-patenti-in-europa\/","og_locale":"it_IT","og_type":"article","og_title":"Colpo di sonno, stretta sulle patenti in Europa - Il Blog Coyote","og_description":"Europa ha approvato una direttiva per l\u2019accertamento delle patologie respiratorie che provocano sonnolenza, causando un incidente su cinque.","og_url":"https:\/\/www.mycoyote.net\/blog\/colpo-di-sonno-stretta-sulle-patenti-in-europa\/","og_site_name":"Il Blog Coyote","article_publisher":"https:\/\/www.facebook.com\/coyoteitalia","article_published_time":"2015-01-21T11:15:31+00:00","article_modified_time":"2024-09-09T12:33:59+00:00","og_image":[{"width":770,"height":440,"url":"https:\/\/medias.coyotesystems.com\/wordpress\/sites\/6\/2016\/03\/Fotolia_33429704_Subscription_Monthly_M-770x440-1.jpg","type":"image\/jpeg"}],"author":"Fran\u00e7ois Delon","twitter_card":"summary_large_image","twitter_creator":"@coyoteitalia","twitter_site":"@coyoteitalia","twitter_misc":{"Written by":"Fran\u00e7ois Delon","Est. reading time":"1 minuto"},"schema":{"@context":"https:\/\/schema.org","@graph":[{"@type":"Article","@id":"https:\/\/www.mycoyote.net\/blog\/colpo-di-sonno-stretta-sulle-patenti-in-europa\/#article","isPartOf":{"@id":"https:\/\/www.mycoyote.net\/blog\/news\/colpo-di-sonno-stretta-sulle-patenti-in-europa\/"},"author":{"name":"Fran\u00e7ois Delon","@id":"https:\/\/www.mycoyote.net\/blog\/#\/schema\/person\/9cd9844469ae7f7d7eff44559995e511"},"headline":"Colpo di sonno, stretta sulle patenti in Europa","datePublished":"2015-01-21T11:15:31+00:00","dateModified":"2024-09-09T12:33:59+00:00","mainEntityOfPage":{"@id":"https:\/\/www.mycoyote.net\/blog\/news\/colpo-di-sonno-stretta-sulle-patenti-in-europa\/"},"wordCount":269,"commentCount":0,"publisher":{"@id":"https:\/\/www.mycoyote.net\/blog\/#organization"},"image":{"@id":"https:\/\/www.mycoyote.net\/blog\/colpo-di-sonno-stretta-sulle-patenti-in-europa\/#primaryimage"},"thumbnailUrl":"https:\/\/medias.coyotesystems.com\/wordpress\/sites\/6\/2016\/03\/Fotolia_33429704_Subscription_Monthly_M-770x440-1.jpg","articleSection":["News","Viaggiare sicuri"],"inLanguage":"it-IT","potentialAction":[{"@type":"CommentAction","name":"Comment","target":["https:\/\/www.mycoyote.net\/blog\/colpo-di-sonno-stretta-sulle-patenti-in-europa\/#respond"]}]},{"@type":"WebPage","@id":"https:\/\/www.mycoyote.net\/blog\/news\/colpo-di-sonno-stretta-sulle-patenti-in-europa\/","url":"https:\/\/www.mycoyote.net\/blog\/colpo-di-sonno-stretta-sulle-patenti-in-europa\/","name":"Colpo di sonno, stretta sulle patenti in Europa - Il Blog Coyote","isPartOf":{"@id":"https:\/\/www.mycoyote.net\/blog\/#website"},"primaryImageOfPage":{"@id":"https:\/\/www.mycoyote.net\/blog\/colpo-di-sonno-stretta-sulle-patenti-in-europa\/#primaryimage"},"image":{"@id":"https:\/\/www.mycoyote.net\/blog\/colpo-di-sonno-stretta-sulle-patenti-in-europa\/#primaryimage"},"thumbnailUrl":"https:\/\/medias.coyotesystems.com\/wordpress\/sites\/6\/2016\/03\/Fotolia_33429704_Subscription_Monthly_M-770x440-1.jpg","datePublished":"2015-01-21T11:15:31+00:00","dateModified":"2024-09-09T12:33:59+00:00","description":"Europa ha approvato una direttiva per l\u2019accertamento delle patologie respiratorie che provocano sonnolenza, causando un incidente su cinque.","breadcrumb":{"@id":"https:\/\/www.mycoyote.net\/blog\/colpo-di-sonno-stretta-sulle-patenti-in-europa\/#breadcrumb"},"inLanguage":"it-IT","potentialAction":[{"@type":"ReadAction","target":["https:\/\/www.mycoyote.net\/blog\/colpo-di-sonno-stretta-sulle-patenti-in-europa\/"]}]},{"@type":"ImageObject","inLanguage":"it-IT","@id":"https:\/\/www.mycoyote.net\/blog\/colpo-di-sonno-stretta-sulle-patenti-in-europa\/#primaryimage","url":"https:\/\/medias.coyotesystems.com\/wordpress\/sites\/6\/2016\/03\/Fotolia_33429704_Subscription_Monthly_M-770x440-1.jpg","contentUrl":"https:\/\/medias.coyotesystems.com\/wordpress\/sites\/6\/2016\/03\/Fotolia_33429704_Subscription_Monthly_M-770x440-1.jpg","width":770,"height":440,"caption":"colpo di sonno europa"},{"@type":"BreadcrumbList","@id":"https:\/\/www.mycoyote.net\/blog\/colpo-di-sonno-stretta-sulle-patenti-in-europa\/#breadcrumb","itemListElement":[{"@type":"ListItem","position":1,"name":"Home","item":"https:\/\/www.mycoyote.net\/blog\/"},{"@type":"ListItem","position":2,"name":"News","item":"https:\/\/www.mycoyote.net\/blog\/news\/"},{"@type":"ListItem","position":3,"name":"Colpo di sonno, stretta sulle patenti in Europa"}]},{"@type":"WebSite","@id":"https:\/\/www.mycoyote.net\/blog\/#website","url":"https:\/\/www.mycoyote.net\/blog\/","name":"Il Blog Coyote","description":"","publisher":{"@id":"https:\/\/www.mycoyote.net\/blog\/#organization"},"potentialAction":[{"@type":"SearchAction","target":{"@type":"EntryPoint","urlTemplate":"https:\/\/www.mycoyote.net\/blog\/?s={search_term_string}"},"query-input":{"@type":"PropertyValueSpecification","valueRequired":true,"valueName":"search_term_string"}}],"inLanguage":"it-IT"},{"@type":"Organization","@id":"https:\/\/www.mycoyote.net\/blog\/#organization","name":"Coyote","url":"https:\/\/www.mycoyote.net\/blog\/","logo":{"@type":"ImageObject","inLanguage":"it-IT","@id":"https:\/\/www.mycoyote.net\/blog\/#\/schema\/logo\/image\/","url":"https:\/\/medias.coyotesystems.com\/wordpress\/sites\/6\/2024\/02\/Logo-Coyote-1.png","contentUrl":"https:\/\/medias.coyotesystems.com\/wordpress\/sites\/6\/2024\/02\/Logo-Coyote-1.png","width":842,"height":263,"caption":"Coyote"},"image":{"@id":"https:\/\/www.mycoyote.net\/blog\/#\/schema\/logo\/image\/"},"sameAs":["https:\/\/www.facebook.com\/coyoteitalia","https:\/\/x.com\/coyoteitalia","https:\/\/www.instagram.com\/coyoteitalia\/","https:\/\/www.linkedin.com\/company\/coyote-italia\/","https:\/\/www.youtube.com\/channel\/UCF8JOuMbqALJkRHNVyVym7A?sub_confirmation=1"]},{"@type":"Person","@id":"https:\/\/www.mycoyote.net\/blog\/#\/schema\/person\/9cd9844469ae7f7d7eff44559995e511","name":"Fran\u00e7ois Delon","image":{"@type":"ImageObject","inLanguage":"it-IT","@id":"https:\/\/www.mycoyote.net\/blog\/#\/schema\/person\/image\/","url":"https:\/\/secure.gravatar.com\/avatar\/cd85a0c7b37837441f0dc2da373d165b462e98bfb3e0c0815b9ccfd94b6138d6?s=96&d=mm&r=g","contentUrl":"https:\/\/secure.gravatar.com\/avatar\/cd85a0c7b37837441f0dc2da373d165b462e98bfb3e0c0815b9ccfd94b6138d6?s=96&d=mm&r=g","caption":"Fran\u00e7ois Delon"}}]}},"_links":{"self":[{"href":"https:\/\/www.mycoyote.net\/blog\/wp-json\/wp\/v2\/posts\/336","targetHints":{"allow":["GET"]}}],"collection":[{"href":"https:\/\/www.mycoyote.net\/blog\/wp-json\/wp\/v2\/posts"}],"about":[{"href":"https:\/\/www.mycoyote.net\/blog\/wp-json\/wp\/v2\/types\/post"}],"author":[{"embeddable":true,"href":"https:\/\/www.mycoyote.net\/blog\/wp-json\/wp\/v2\/users\/136"}],"replies":[{"embeddable":true,"href":"https:\/\/www.mycoyote.net\/blog\/wp-json\/wp\/v2\/comments?post=336"}],"version-history":[{"count":1,"href":"https:\/\/www.mycoyote.net\/blog\/wp-json\/wp\/v2\/posts\/336\/revisions"}],"predecessor-version":[{"id":6161,"href":"https:\/\/www.mycoyote.net\/blog\/wp-json\/wp\/v2\/posts\/336\/revisions\/6161"}],"wp:featuredmedia":[{"embeddable":true,"href":"https:\/\/www.mycoyote.net\/blog\/wp-json\/wp\/v2\/media\/337"}],"wp:attachment":[{"href":"https:\/\/www.mycoyote.net\/blog\/wp-json\/wp\/v2\/media?parent=336"}],"wp:term":[{"taxonomy":"category","embeddable":true,"href":"https:\/\/www.mycoyote.net\/blog\/wp-json\/wp\/v2\/categories?post=336"},{"taxonomy":"post_tag","embeddable":true,"href":"https:\/\/www.mycoyote.net\/blog\/wp-json\/wp\/v2\/tags?post=336"}],"curies":[{"name":"wp","href":"https:\/\/api.w.org\/{rel}","templated":true}]}}