{"id":5739,"date":"2024-02-19T09:00:13","date_gmt":"2024-02-19T09:00:13","guid":{"rendered":"https:\/\/www.mycoyote.net\/blog\/?p=5739"},"modified":"2024-02-15T16:26:10","modified_gmt":"2024-02-15T16:26:10","slug":"stop-alle-auto-termiche-nel-2035-quale-la-situazione","status":"publish","type":"post","link":"https:\/\/www.mycoyote.net\/blog\/approfondimenti\/stop-alle-auto-termiche-nel-2035-quale-la-situazione\/","title":{"rendered":"Stop alle auto termiche nel 2035: qual\u2019\u00e9 la situazione?"},"content":{"rendered":"<p>Lo scorso anno i 27 Paesi membri dell\u2019Unione Europea (UE) hanno adottato la direttiva che mira a vietare la vendita di auto termiche nuove a partire dal 2035. Cosa comporter\u00e0 concretamente questa misura per gli automobilisti? Possono ancora esserci cambiamenti prima di questa data? Il blog di Coyote fa il punto della situazione sulla fine del termico prevista in Europa per il 2035.<\/p>\n<h2>Divieto di vendere auto termiche: 2035 ancora nel mirino<\/h2>\n<p>Qualche mese fa Coyote ha parlato dell\u2019ultima svolta riguardante la <a href=\"https:\/\/www.mycoyote.net\/blog\/la-norma-euro-7-e-stata-votata-dal-parlamento-europeo\/\" target=\"_blank\" rel=\"noopener\">norma Euro 7<\/a>, che prevede di vietare la vendita di auto termiche nuove sul territorio europeo; proprio quando il testo stava per essere definitivamente adottato dal consiglio dell\u2019UE, la Germania, con sorpresa generale, si \u00e8 messa a capo dell\u2019opposizione. Dopo un mese di negoziazioni, si \u00e8 infine trovato un accordo: il divieto di vendere auto termiche nuove, previsto per l\u2019anno 2035, non \u00e8 rimesso in discussione, ma questo divieto non riguarder\u00e0 pi\u00f9 i veicoli alimentati a carburanti sintetici.<\/p>\n<h3>Auto termiche nuove vietate nel 2035: qual \u00e8 la situazione in questo momento?<\/h3>\n<p>Attualmente sia il divieto fissato per legge, sia gli accordi ottenuti in extremis dagli oppositori del testo iniziale, sono sempre d\u2019attualit\u00e0: la misura \u00e8 infatti stata definitivamente adottata dal consiglio dell&#8217;Unione Europea. I costruttori di auto saranno quindi obbligati dal 2035 a mettere sul mercato solo auto e veicoli utilitari leggeri a \u201czero emissioni\u201d, cio\u00e8 che non emettono CO2. Questa direttiva, misura fondamentale del Piano clima voluto dai 27 Paesi membri, deve consentire all\u2019UE di raggiungere la neutralit\u00e0 carbonica entro il 2050.<\/p>\n<p>Il divieto riguarda tutti i veicoli alimentati a benzina, a diesel, e tutti i modelli ibridi. Non prender\u00e0 invece di mira n\u00e9 le auto a idrogeno, n\u00e9 le auto con motori termici alimentati a carburanti sintetici (prodotti da una sintesi di carbone e idrogeno verde, e trasformati con elettricit\u00e0 a basse emissioni di carbonio per produrre metanolo).\u00a0 Secondo la legge attuale, queste ultime potranno essere commercializzate anche dopo il 2035.<\/p>\n<h3>Quali auto non potranno pi\u00f9 viaggiare nel 2035?<\/h3>\n<p>Come menzionato precedentemente, il divieto riguarda solamente la vendita di auto termiche nuove: i modelli a combustione termica gi\u00e0 in circolazione in questa data potranno sempre essere utilizzati (almeno fino al 2050), compresi quelli venduti nel 2034, e saranno disponibili sul mercato dell\u2019usato. Tuttavia, per poter circolare, dovranno rispettare le restrizioni imposte dal regolamento, in particolare quelle fissate dalle <a href=\"https:\/\/www.mycoyote.net\/blog\/ztl-le-principali-novita-2023\/\" target=\"_blank\" rel=\"noopener\">ZTL (Zone a Traffico Limitato)<\/a>.<\/p>\n<p>Sia che utilizzi un\u2019auto termica o un\u2019auto elettrica, viaggia in tutta serenit\u00e0 grazie all\u2019<a href=\"https:\/\/www.mycoyote.net\/it\/product\/607\/App-Coyote.html\" target=\"_blank\" rel=\"noopener\">applicazione Coyote<\/a>, che ti segnala in tempo reale le zone a velocit\u00e0 controllata situate sul tuo itinerario!<\/p>\n<h2>La legge pu\u00f2 ancora cambiare prima del 2035?<\/h2>\n<p>Anche se \u00e8 stato adottato dal Parlamento europeo, il divieto di vendere auto termiche nuove nel 2035 potrebbe ancora essere rimesso in discussione quest\u2019anno a giugno, quando si terranno le elezioni europee. \u00c8 d\u2019altra parte l\u2019obiettivo esplicitamente supportato da Manfred Weber, attuale presidente del gruppo PPE (Partito Popolare Europeo) e leader dell\u2019Unione cristiano-sociale della Baviera (CSU). Se riuscir\u00e0 a ottenere la maggioranza alle elezioni, il suo partito prevede di annullare il divieto di vendita di nuovi veicoli a combustione previsto per il 2035, mentre l&#8217;UE intende rivedere il calendario nel 2026.<\/p>\n<p>Un\u2019idea condivisa in Europa da pi\u00f9 partiti di destra e di estrema destra, favoriti in diversi sondaggi, specialmente in Francia: a settembre scorso, Jordan Bardella, presidente del Rassemblement National, ha dichiarato che \u00ab<em>il divieto dei veicoli a motore termico previsto per il 2035 in Europa porterebbe a una catastrofe<\/em>\u00bb.<\/p>\n<p>Precisiamo ad ogni modo che, anche in caso di vittoria dei partiti oppositori alla fine del termico, l\u2019ultima parola spetter\u00e0 al Consiglio europeo, che finora si \u00e8 sempre dimostrato favorevole alla misura. Inoltre, numerosi costruttori europei si sono gi\u00e0 ampiamente impegnati nella transizione all\u2019elettrico, e per loro sarebbe indubbiamente ormai inconcepibile fare marcia indietro.<\/p>\n<p>Segui la vicenda sul <a href=\"https:\/\/www.mycoyote.net\/blog\/\">blog di Coyote<\/a>!<\/p>\n","protected":false},"excerpt":{"rendered":"<p>Lo scorso anno i 27 Paesi membri dell\u2019Unione Europea (UE) hanno adottato la direttiva che mira a vietare la vendita [&hellip;]<\/p>\n","protected":false},"author":118,"featured_media":5741,"comment_status":"open","ping_status":"open","sticky":false,"template":"","format":"standard","meta":{"_acf_changed":false,"footnotes":""},"categories":[36],"tags":[],"class_list":["post-5739","post","type-post","status-publish","format-standard","has-post-thumbnail","hentry","category-approfondimenti"],"acf":[],"yoast_head":"<!-- This site is optimized with the Yoast SEO plugin v25.9 - https:\/\/yoast.com\/wordpress\/plugins\/seo\/ -->\n<title>Andiamo verso la fine delle auto termiche nel 2035? | Coyote<\/title>\n<meta name=\"description\" content=\"Scopri tutto ci\u00f2 che bisogna sapere sul divieto della vendita di auto termiche nuove previsto per il 2035.\" \/>\n<meta name=\"robots\" content=\"index, follow, max-snippet:-1, max-image-preview:large, max-video-preview:-1\" \/>\n<link rel=\"canonical\" href=\"https:\/\/www.mycoyote.net\/blog\/approfondimenti\/stop-alle-auto-termiche-nel-2035-quale-la-situazione\/\" \/>\n<meta property=\"og:locale\" content=\"it_IT\" \/>\n<meta property=\"og:type\" content=\"article\" \/>\n<meta property=\"og:title\" content=\"Andiamo verso la fine delle auto termiche nel 2035? | Coyote\" \/>\n<meta property=\"og:description\" content=\"Scopri tutto ci\u00f2 che bisogna sapere sul divieto della vendita di auto termiche nuove previsto per il 2035.\" \/>\n<meta property=\"og:url\" content=\"https:\/\/www.mycoyote.net\/blog\/approfondimenti\/stop-alle-auto-termiche-nel-2035-quale-la-situazione\/\" \/>\n<meta property=\"og:site_name\" content=\"Il Blog Coyote\" \/>\n<meta property=\"article:publisher\" content=\"https:\/\/www.facebook.com\/coyoteitalia\" \/>\n<meta property=\"article:published_time\" content=\"2024-02-19T09:00:13+00:00\" \/>\n<meta property=\"og:image\" content=\"https:\/\/medias.coyotesystems.com\/wordpress\/sites\/6\/2024\/02\/auto-termiche.jpg\" \/>\n\t<meta property=\"og:image:width\" content=\"1920\" \/>\n\t<meta property=\"og:image:height\" content=\"1280\" \/>\n\t<meta property=\"og:image:type\" content=\"image\/jpeg\" \/>\n<meta name=\"author\" content=\"Nathan Thierry\" \/>\n<meta name=\"twitter:card\" content=\"summary_large_image\" \/>\n<meta name=\"twitter:creator\" content=\"@coyoteitalia\" \/>\n<meta name=\"twitter:site\" content=\"@coyoteitalia\" \/>\n<meta name=\"twitter:label1\" content=\"Written by\" \/>\n\t<meta name=\"twitter:data1\" content=\"Nathan Thierry\" \/>\n\t<meta name=\"twitter:label2\" content=\"Est. reading time\" \/>\n\t<meta name=\"twitter:data2\" content=\"4 minuti\" \/>\n<script type=\"application\/ld+json\" class=\"yoast-schema-graph\">{\"@context\":\"https:\/\/schema.org\",\"@graph\":[{\"@type\":\"Article\",\"@id\":\"https:\/\/www.mycoyote.net\/blog\/approfondimenti\/stop-alle-auto-termiche-nel-2035-quale-la-situazione\/#article\",\"isPartOf\":{\"@id\":\"https:\/\/www.mycoyote.net\/blog\/approfondimenti\/stop-alle-auto-termiche-nel-2035-quale-la-situazione\/\"},\"author\":{\"name\":\"Nathan Thierry\",\"@id\":\"https:\/\/www.mycoyote.net\/blog\/#\/schema\/person\/f5af150ab710178af89daa9671962d2c\"},\"headline\":\"Stop alle auto termiche nel 2035: qual\u2019\u00e9 la situazione?\",\"datePublished\":\"2024-02-19T09:00:13+00:00\",\"mainEntityOfPage\":{\"@id\":\"https:\/\/www.mycoyote.net\/blog\/approfondimenti\/stop-alle-auto-termiche-nel-2035-quale-la-situazione\/\"},\"wordCount\":637,\"commentCount\":0,\"publisher\":{\"@id\":\"https:\/\/www.mycoyote.net\/blog\/#organization\"},\"image\":{\"@id\":\"https:\/\/www.mycoyote.net\/blog\/approfondimenti\/stop-alle-auto-termiche-nel-2035-quale-la-situazione\/#primaryimage\"},\"thumbnailUrl\":\"https:\/\/medias.coyotesystems.com\/wordpress\/sites\/6\/2024\/02\/auto-termiche.jpg\",\"articleSection\":[\"Approfondimenti\"],\"inLanguage\":\"it-IT\",\"potentialAction\":[{\"@type\":\"CommentAction\",\"name\":\"Comment\",\"target\":[\"https:\/\/www.mycoyote.net\/blog\/approfondimenti\/stop-alle-auto-termiche-nel-2035-quale-la-situazione\/#respond\"]}]},{\"@type\":\"WebPage\",\"@id\":\"https:\/\/www.mycoyote.net\/blog\/approfondimenti\/stop-alle-auto-termiche-nel-2035-quale-la-situazione\/\",\"url\":\"https:\/\/www.mycoyote.net\/blog\/approfondimenti\/stop-alle-auto-termiche-nel-2035-quale-la-situazione\/\",\"name\":\"Andiamo verso la fine delle auto termiche nel 2035? | Coyote\",\"isPartOf\":{\"@id\":\"https:\/\/www.mycoyote.net\/blog\/#website\"},\"primaryImageOfPage\":{\"@id\":\"https:\/\/www.mycoyote.net\/blog\/approfondimenti\/stop-alle-auto-termiche-nel-2035-quale-la-situazione\/#primaryimage\"},\"image\":{\"@id\":\"https:\/\/www.mycoyote.net\/blog\/approfondimenti\/stop-alle-auto-termiche-nel-2035-quale-la-situazione\/#primaryimage\"},\"thumbnailUrl\":\"https:\/\/medias.coyotesystems.com\/wordpress\/sites\/6\/2024\/02\/auto-termiche.jpg\",\"datePublished\":\"2024-02-19T09:00:13+00:00\",\"description\":\"Scopri tutto ci\u00f2 che bisogna sapere sul divieto della vendita di auto termiche nuove previsto per il 2035.\",\"breadcrumb\":{\"@id\":\"https:\/\/www.mycoyote.net\/blog\/approfondimenti\/stop-alle-auto-termiche-nel-2035-quale-la-situazione\/#breadcrumb\"},\"inLanguage\":\"it-IT\",\"potentialAction\":[{\"@type\":\"ReadAction\",\"target\":[\"https:\/\/www.mycoyote.net\/blog\/approfondimenti\/stop-alle-auto-termiche-nel-2035-quale-la-situazione\/\"]}]},{\"@type\":\"ImageObject\",\"inLanguage\":\"it-IT\",\"@id\":\"https:\/\/www.mycoyote.net\/blog\/approfondimenti\/stop-alle-auto-termiche-nel-2035-quale-la-situazione\/#primaryimage\",\"url\":\"https:\/\/medias.coyotesystems.com\/wordpress\/sites\/6\/2024\/02\/auto-termiche.jpg\",\"contentUrl\":\"https:\/\/medias.coyotesystems.com\/wordpress\/sites\/6\/2024\/02\/auto-termiche.jpg\",\"width\":1920,\"height\":1280},{\"@type\":\"BreadcrumbList\",\"@id\":\"https:\/\/www.mycoyote.net\/blog\/approfondimenti\/stop-alle-auto-termiche-nel-2035-quale-la-situazione\/#breadcrumb\",\"itemListElement\":[{\"@type\":\"ListItem\",\"position\":1,\"name\":\"Home\",\"item\":\"https:\/\/www.mycoyote.net\/blog\/\"},{\"@type\":\"ListItem\",\"position\":2,\"name\":\"Approfondimenti\",\"item\":\"https:\/\/www.mycoyote.net\/blog\/approfondimenti\/\"},{\"@type\":\"ListItem\",\"position\":3,\"name\":\"Stop alle auto termiche nel 2035: qual\u2019\u00e9 la situazione?\"}]},{\"@type\":\"WebSite\",\"@id\":\"https:\/\/www.mycoyote.net\/blog\/#website\",\"url\":\"https:\/\/www.mycoyote.net\/blog\/\",\"name\":\"Il Blog Coyote\",\"description\":\"\",\"publisher\":{\"@id\":\"https:\/\/www.mycoyote.net\/blog\/#organization\"},\"potentialAction\":[{\"@type\":\"SearchAction\",\"target\":{\"@type\":\"EntryPoint\",\"urlTemplate\":\"https:\/\/www.mycoyote.net\/blog\/?s={search_term_string}\"},\"query-input\":{\"@type\":\"PropertyValueSpecification\",\"valueRequired\":true,\"valueName\":\"search_term_string\"}}],\"inLanguage\":\"it-IT\"},{\"@type\":\"Organization\",\"@id\":\"https:\/\/www.mycoyote.net\/blog\/#organization\",\"name\":\"Coyote\",\"url\":\"https:\/\/www.mycoyote.net\/blog\/\",\"logo\":{\"@type\":\"ImageObject\",\"inLanguage\":\"it-IT\",\"@id\":\"https:\/\/www.mycoyote.net\/blog\/#\/schema\/logo\/image\/\",\"url\":\"https:\/\/medias.coyotesystems.com\/wordpress\/sites\/6\/2024\/02\/Logo-Coyote-1.png\",\"contentUrl\":\"https:\/\/medias.coyotesystems.com\/wordpress\/sites\/6\/2024\/02\/Logo-Coyote-1.png\",\"width\":842,\"height\":263,\"caption\":\"Coyote\"},\"image\":{\"@id\":\"https:\/\/www.mycoyote.net\/blog\/#\/schema\/logo\/image\/\"},\"sameAs\":[\"https:\/\/www.facebook.com\/coyoteitalia\",\"https:\/\/x.com\/coyoteitalia\",\"https:\/\/www.instagram.com\/coyoteitalia\/\",\"https:\/\/www.linkedin.com\/company\/coyote-italia\/\",\"https:\/\/www.youtube.com\/channel\/UCF8JOuMbqALJkRHNVyVym7A?sub_confirmation=1\"]},{\"@type\":\"Person\",\"@id\":\"https:\/\/www.mycoyote.net\/blog\/#\/schema\/person\/f5af150ab710178af89daa9671962d2c\",\"name\":\"Nathan Thierry\",\"image\":{\"@type\":\"ImageObject\",\"inLanguage\":\"it-IT\",\"@id\":\"https:\/\/www.mycoyote.net\/blog\/#\/schema\/person\/image\/\",\"url\":\"https:\/\/secure.gravatar.com\/avatar\/a55944ac691bd0ff56f862eae2454ca1bb9e420f824642e24d6e59b58f4de8f0?s=96&d=mm&r=g\",\"contentUrl\":\"https:\/\/secure.gravatar.com\/avatar\/a55944ac691bd0ff56f862eae2454ca1bb9e420f824642e24d6e59b58f4de8f0?s=96&d=mm&r=g\",\"caption\":\"Nathan Thierry\"}}]}<\/script>\n<!-- \/ Yoast SEO plugin. -->","yoast_head_json":{"title":"Andiamo verso la fine delle auto termiche nel 2035? | Coyote","description":"Scopri tutto ci\u00f2 che bisogna sapere sul divieto della vendita di auto termiche nuove previsto per il 2035.","robots":{"index":"index","follow":"follow","max-snippet":"max-snippet:-1","max-image-preview":"max-image-preview:large","max-video-preview":"max-video-preview:-1"},"canonical":"https:\/\/www.mycoyote.net\/blog\/approfondimenti\/stop-alle-auto-termiche-nel-2035-quale-la-situazione\/","og_locale":"it_IT","og_type":"article","og_title":"Andiamo verso la fine delle auto termiche nel 2035? | Coyote","og_description":"Scopri tutto ci\u00f2 che bisogna sapere sul divieto della vendita di auto termiche nuove previsto per il 2035.","og_url":"https:\/\/www.mycoyote.net\/blog\/approfondimenti\/stop-alle-auto-termiche-nel-2035-quale-la-situazione\/","og_site_name":"Il Blog Coyote","article_publisher":"https:\/\/www.facebook.com\/coyoteitalia","article_published_time":"2024-02-19T09:00:13+00:00","og_image":[{"width":1920,"height":1280,"url":"https:\/\/medias.coyotesystems.com\/wordpress\/sites\/6\/2024\/02\/auto-termiche.jpg","type":"image\/jpeg"}],"author":"Nathan Thierry","twitter_card":"summary_large_image","twitter_creator":"@coyoteitalia","twitter_site":"@coyoteitalia","twitter_misc":{"Written by":"Nathan Thierry","Est. reading time":"4 minuti"},"schema":{"@context":"https:\/\/schema.org","@graph":[{"@type":"Article","@id":"https:\/\/www.mycoyote.net\/blog\/approfondimenti\/stop-alle-auto-termiche-nel-2035-quale-la-situazione\/#article","isPartOf":{"@id":"https:\/\/www.mycoyote.net\/blog\/approfondimenti\/stop-alle-auto-termiche-nel-2035-quale-la-situazione\/"},"author":{"name":"Nathan Thierry","@id":"https:\/\/www.mycoyote.net\/blog\/#\/schema\/person\/f5af150ab710178af89daa9671962d2c"},"headline":"Stop alle auto termiche nel 2035: qual\u2019\u00e9 la situazione?","datePublished":"2024-02-19T09:00:13+00:00","mainEntityOfPage":{"@id":"https:\/\/www.mycoyote.net\/blog\/approfondimenti\/stop-alle-auto-termiche-nel-2035-quale-la-situazione\/"},"wordCount":637,"commentCount":0,"publisher":{"@id":"https:\/\/www.mycoyote.net\/blog\/#organization"},"image":{"@id":"https:\/\/www.mycoyote.net\/blog\/approfondimenti\/stop-alle-auto-termiche-nel-2035-quale-la-situazione\/#primaryimage"},"thumbnailUrl":"https:\/\/medias.coyotesystems.com\/wordpress\/sites\/6\/2024\/02\/auto-termiche.jpg","articleSection":["Approfondimenti"],"inLanguage":"it-IT","potentialAction":[{"@type":"CommentAction","name":"Comment","target":["https:\/\/www.mycoyote.net\/blog\/approfondimenti\/stop-alle-auto-termiche-nel-2035-quale-la-situazione\/#respond"]}]},{"@type":"WebPage","@id":"https:\/\/www.mycoyote.net\/blog\/approfondimenti\/stop-alle-auto-termiche-nel-2035-quale-la-situazione\/","url":"https:\/\/www.mycoyote.net\/blog\/approfondimenti\/stop-alle-auto-termiche-nel-2035-quale-la-situazione\/","name":"Andiamo verso la fine delle auto termiche nel 2035? | Coyote","isPartOf":{"@id":"https:\/\/www.mycoyote.net\/blog\/#website"},"primaryImageOfPage":{"@id":"https:\/\/www.mycoyote.net\/blog\/approfondimenti\/stop-alle-auto-termiche-nel-2035-quale-la-situazione\/#primaryimage"},"image":{"@id":"https:\/\/www.mycoyote.net\/blog\/approfondimenti\/stop-alle-auto-termiche-nel-2035-quale-la-situazione\/#primaryimage"},"thumbnailUrl":"https:\/\/medias.coyotesystems.com\/wordpress\/sites\/6\/2024\/02\/auto-termiche.jpg","datePublished":"2024-02-19T09:00:13+00:00","description":"Scopri tutto ci\u00f2 che bisogna sapere sul divieto della vendita di auto termiche nuove previsto per il 2035.","breadcrumb":{"@id":"https:\/\/www.mycoyote.net\/blog\/approfondimenti\/stop-alle-auto-termiche-nel-2035-quale-la-situazione\/#breadcrumb"},"inLanguage":"it-IT","potentialAction":[{"@type":"ReadAction","target":["https:\/\/www.mycoyote.net\/blog\/approfondimenti\/stop-alle-auto-termiche-nel-2035-quale-la-situazione\/"]}]},{"@type":"ImageObject","inLanguage":"it-IT","@id":"https:\/\/www.mycoyote.net\/blog\/approfondimenti\/stop-alle-auto-termiche-nel-2035-quale-la-situazione\/#primaryimage","url":"https:\/\/medias.coyotesystems.com\/wordpress\/sites\/6\/2024\/02\/auto-termiche.jpg","contentUrl":"https:\/\/medias.coyotesystems.com\/wordpress\/sites\/6\/2024\/02\/auto-termiche.jpg","width":1920,"height":1280},{"@type":"BreadcrumbList","@id":"https:\/\/www.mycoyote.net\/blog\/approfondimenti\/stop-alle-auto-termiche-nel-2035-quale-la-situazione\/#breadcrumb","itemListElement":[{"@type":"ListItem","position":1,"name":"Home","item":"https:\/\/www.mycoyote.net\/blog\/"},{"@type":"ListItem","position":2,"name":"Approfondimenti","item":"https:\/\/www.mycoyote.net\/blog\/approfondimenti\/"},{"@type":"ListItem","position":3,"name":"Stop alle auto termiche nel 2035: qual\u2019\u00e9 la situazione?"}]},{"@type":"WebSite","@id":"https:\/\/www.mycoyote.net\/blog\/#website","url":"https:\/\/www.mycoyote.net\/blog\/","name":"Il Blog Coyote","description":"","publisher":{"@id":"https:\/\/www.mycoyote.net\/blog\/#organization"},"potentialAction":[{"@type":"SearchAction","target":{"@type":"EntryPoint","urlTemplate":"https:\/\/www.mycoyote.net\/blog\/?s={search_term_string}"},"query-input":{"@type":"PropertyValueSpecification","valueRequired":true,"valueName":"search_term_string"}}],"inLanguage":"it-IT"},{"@type":"Organization","@id":"https:\/\/www.mycoyote.net\/blog\/#organization","name":"Coyote","url":"https:\/\/www.mycoyote.net\/blog\/","logo":{"@type":"ImageObject","inLanguage":"it-IT","@id":"https:\/\/www.mycoyote.net\/blog\/#\/schema\/logo\/image\/","url":"https:\/\/medias.coyotesystems.com\/wordpress\/sites\/6\/2024\/02\/Logo-Coyote-1.png","contentUrl":"https:\/\/medias.coyotesystems.com\/wordpress\/sites\/6\/2024\/02\/Logo-Coyote-1.png","width":842,"height":263,"caption":"Coyote"},"image":{"@id":"https:\/\/www.mycoyote.net\/blog\/#\/schema\/logo\/image\/"},"sameAs":["https:\/\/www.facebook.com\/coyoteitalia","https:\/\/x.com\/coyoteitalia","https:\/\/www.instagram.com\/coyoteitalia\/","https:\/\/www.linkedin.com\/company\/coyote-italia\/","https:\/\/www.youtube.com\/channel\/UCF8JOuMbqALJkRHNVyVym7A?sub_confirmation=1"]},{"@type":"Person","@id":"https:\/\/www.mycoyote.net\/blog\/#\/schema\/person\/f5af150ab710178af89daa9671962d2c","name":"Nathan Thierry","image":{"@type":"ImageObject","inLanguage":"it-IT","@id":"https:\/\/www.mycoyote.net\/blog\/#\/schema\/person\/image\/","url":"https:\/\/secure.gravatar.com\/avatar\/a55944ac691bd0ff56f862eae2454ca1bb9e420f824642e24d6e59b58f4de8f0?s=96&d=mm&r=g","contentUrl":"https:\/\/secure.gravatar.com\/avatar\/a55944ac691bd0ff56f862eae2454ca1bb9e420f824642e24d6e59b58f4de8f0?s=96&d=mm&r=g","caption":"Nathan Thierry"}}]}},"_links":{"self":[{"href":"https:\/\/www.mycoyote.net\/blog\/wp-json\/wp\/v2\/posts\/5739","targetHints":{"allow":["GET"]}}],"collection":[{"href":"https:\/\/www.mycoyote.net\/blog\/wp-json\/wp\/v2\/posts"}],"about":[{"href":"https:\/\/www.mycoyote.net\/blog\/wp-json\/wp\/v2\/types\/post"}],"author":[{"embeddable":true,"href":"https:\/\/www.mycoyote.net\/blog\/wp-json\/wp\/v2\/users\/118"}],"replies":[{"embeddable":true,"href":"https:\/\/www.mycoyote.net\/blog\/wp-json\/wp\/v2\/comments?post=5739"}],"version-history":[{"count":2,"href":"https:\/\/www.mycoyote.net\/blog\/wp-json\/wp\/v2\/posts\/5739\/revisions"}],"predecessor-version":[{"id":5745,"href":"https:\/\/www.mycoyote.net\/blog\/wp-json\/wp\/v2\/posts\/5739\/revisions\/5745"}],"wp:featuredmedia":[{"embeddable":true,"href":"https:\/\/www.mycoyote.net\/blog\/wp-json\/wp\/v2\/media\/5741"}],"wp:attachment":[{"href":"https:\/\/www.mycoyote.net\/blog\/wp-json\/wp\/v2\/media?parent=5739"}],"wp:term":[{"taxonomy":"category","embeddable":true,"href":"https:\/\/www.mycoyote.net\/blog\/wp-json\/wp\/v2\/categories?post=5739"},{"taxonomy":"post_tag","embeddable":true,"href":"https:\/\/www.mycoyote.net\/blog\/wp-json\/wp\/v2\/tags?post=5739"}],"curies":[{"name":"wp","href":"https:\/\/api.w.org\/{rel}","templated":true}]}}