{"id":5793,"date":"2024-05-06T10:00:12","date_gmt":"2024-05-06T10:00:12","guid":{"rendered":"https:\/\/www.mycoyote.net\/blog\/?p=5793"},"modified":"2024-04-29T15:59:29","modified_gmt":"2024-04-29T15:59:29","slug":"addio-seat-fate-spazio-alla-cupra","status":"publish","type":"post","link":"https:\/\/www.mycoyote.net\/blog\/attualita\/addio-seat-fate-spazio-alla-cupra\/","title":{"rendered":"Addio Seat, fate spazio alla Cupra!"},"content":{"rendered":"<p>Ora \u00e8 ufficiale: il marchio Seat smetter\u00e0 di progettare e costruire automobili a favore della Cupra, che \u00e8 diventata pi\u00f9 redditizia<\/p>\n<h2>Un nuovo futuro per Seat<\/h2>\n<p>Come ci si aspettava, il futuro di Seat era particolarmente incerto. Ma l&#8217;ascesa di Cupra come <strong>marchio automobilistico<\/strong> a crescita pi\u00f9 rapida in Europa ha segnato il destino del costruttore spagnolo. Tuttavia, il nome Seat continuer\u00e0 a vivere in un&#8217;altra forma.<\/p>\n<h3>La fine del marchio Seat<\/h3>\n<p>\u00c8 ormai chiaro che il futuro di Seat avr\u00e0 un nuovo volto, incentrato sull&#8217;innovazione e sulla mobilit\u00e0 elettrica. Wayne Griffiths, CEO di Seat e Cupra, ha annunciato al Salone dell&#8217;Auto di Barcellona che Seat smetter\u00e0 di produrre automobili entro il 2030 per concentrarsi su soluzioni di mobilit\u00e0 emergenti come il car sharing, le sottoscrizioni e la micromobilit\u00e0.<\/p>\n<p>La decisione arriva in un momento in cui Cupra continua a crescere di importanza all&#8217;interno del Gruppo Volkswagen, diventando uno dei principali motori della crescita finanziaria dell&#8217;azienda.<\/p>\n<p>Griffiths ha sottolineato che i futuri modelli, come la Ibiza, la Arona e la Leon, saranno gli ultimi di Seat, evidenziando l&#8217;imperativo di passare alla mobilit\u00e0 elettrica per guidare ulteriormente l&#8217;innovazione e lo sviluppo dell&#8217;industria automobilistica. Cupra, che ha contribuito in modo significativo al fatturato di Seat SA, dovrebbe assumere il ruolo di motore della crescita finanziaria, illustrando il passaggio strategico verso i veicoli elettrici e rafforzando la sua posizione di marchio pioniere nel campo della mobilit\u00e0 sostenibile.<\/p>\n<h3>Cupra elettrica, Seat a combustione<\/h3>\n<p>L&#8217;enfasi sulla Cupra si riflette anche nei vari modelli gi\u00e0 confermati per i prossimi anni: Tavascan, Terramar e Urban Rebel. E Seat? Non ci sono nemmeno voci di nuovi modelli.<\/p>\n<p>La complementariet\u00e0 tra la produzione di veicoli elettrici di Cupra e quella di motori a combustione di Seat sar\u00e0 mantenuta fino alla fine del decennio, con l&#8217;obiettivo di concentrare tutte le forze produttive sui veicoli innovativi e sostenibili offerti da Cupra.<\/p>\n<h2>Una presidenza tormentata da eventi mondiali imprevedibili<\/h2>\n<p>I tempi non sono stati facili da quando Wayne Griffiths \u00e8 diventato presidente. &#8220;<em>Da quando sono presidente si sono succeduti eventi impensabili, come una <strong>pandemia globale e una guerra in Europa<\/strong>. Tuttavia, in tempi di crisi c&#8217;\u00e8 sempre l&#8217;opportunit\u00e0 di fare le cose che realmente devono essere fatte, e di farle pi\u00f9 velocemente<\/em>&#8220;, afferma il nuovo presidente del marchio nel 2022.<\/p>\n<p>Wayne Griffiths \u00e8 stato nominato presidente di Seat nel 2020, nel pieno della pandemia, e ora, mentre il settore continua a\u00a0<a href=\"https:\/\/www.mycoyote.net\/blog\/semiconduttori-quale-e-la-situazione-della-carenza-globale\/\"> soffrire per la mancanza di semiconduttori,<\/a>\u00a0\u00e8 scoppiata la guerra in Ucraina e altri componenti scarseggiano. Nel frattempo, <strong>l&#8217;industria automobilistica<\/strong> deve iniziare a lavorare alla transizione verso i veicoli elettrici.<\/p>\n<p>Covid ha accelerato di dieci anni il passaggio ai <strong>veicoli elettrici<\/strong>. Wayne Griffiths afferma che quando \u00e8 entrato in azienda non c&#8217;erano piani per le auto elettriche.<\/p>\n<p>Tenetevi aggiornati su tutte le novit\u00e0 del settore automobilistico grazie al <a href=\"https:\/\/www.mycoyote.net\/blog\/\">Blog Coyote<\/a>\u00a0e su tutte le zone di controllo del vostro percorso grazie all&#8217;<a href=\"https:\/\/www.mycoyote.net\/it\/product\/607\/App-Coyote.html\" target=\"_blank\" rel=\"noopener\">applicazione Coyote<\/a>.<\/p>\n","protected":false},"excerpt":{"rendered":"<p>Ora \u00e8 ufficiale: il marchio Seat smetter\u00e0 di progettare e costruire automobili a favore della Cupra, che \u00e8 diventata pi\u00f9 [&hellip;]<\/p>\n","protected":false},"author":118,"featured_media":5795,"comment_status":"open","ping_status":"open","sticky":false,"template":"","format":"standard","meta":{"_acf_changed":false,"footnotes":""},"categories":[6],"tags":[],"class_list":["post-5793","post","type-post","status-publish","format-standard","has-post-thumbnail","hentry","category-attualita"],"acf":[],"yoast_head":"<!-- This site is optimized with the Yoast SEO plugin v25.9 - https:\/\/yoast.com\/wordpress\/plugins\/seo\/ -->\n<title>La fine delle termiche: il declino di Seat a favore di Cupra?<\/title>\n<meta name=\"description\" content=\"Il futuro di Seat \u00e8 Cupra, ma il marchio non cesser\u00e0 di esistere. Vi spieghiamo tutto nel nostro articolo Coyote.\" \/>\n<meta name=\"robots\" content=\"index, follow, max-snippet:-1, max-image-preview:large, max-video-preview:-1\" \/>\n<link rel=\"canonical\" href=\"https:\/\/www.mycoyote.net\/blog\/attualita\/addio-seat-fate-spazio-alla-cupra\/\" \/>\n<meta property=\"og:locale\" content=\"it_IT\" \/>\n<meta property=\"og:type\" content=\"article\" \/>\n<meta property=\"og:title\" content=\"La fine delle termiche: il declino di Seat a favore di Cupra?\" \/>\n<meta property=\"og:description\" content=\"Il futuro di Seat \u00e8 Cupra, ma il marchio non cesser\u00e0 di esistere. Vi spieghiamo tutto nel nostro articolo Coyote.\" \/>\n<meta property=\"og:url\" content=\"https:\/\/www.mycoyote.net\/blog\/attualita\/addio-seat-fate-spazio-alla-cupra\/\" \/>\n<meta property=\"og:site_name\" content=\"Il Blog Coyote\" \/>\n<meta property=\"article:publisher\" content=\"https:\/\/www.facebook.com\/coyoteitalia\" \/>\n<meta property=\"article:published_time\" content=\"2024-05-06T10:00:12+00:00\" \/>\n<meta property=\"og:image\" content=\"https:\/\/medias.coyotesystems.com\/wordpress\/sites\/6\/2024\/04\/cupra_seat.jpg\" \/>\n\t<meta property=\"og:image:width\" content=\"1568\" \/>\n\t<meta property=\"og:image:height\" content=\"1045\" \/>\n\t<meta property=\"og:image:type\" content=\"image\/jpeg\" \/>\n<meta name=\"author\" content=\"Nathan Thierry\" \/>\n<meta name=\"twitter:card\" content=\"summary_large_image\" \/>\n<meta name=\"twitter:creator\" content=\"@coyoteitalia\" \/>\n<meta name=\"twitter:site\" content=\"@coyoteitalia\" \/>\n<meta name=\"twitter:label1\" content=\"Written by\" \/>\n\t<meta name=\"twitter:data1\" content=\"Nathan Thierry\" \/>\n\t<meta name=\"twitter:label2\" content=\"Est. reading time\" \/>\n\t<meta name=\"twitter:data2\" content=\"3 minuti\" \/>\n<script type=\"application\/ld+json\" class=\"yoast-schema-graph\">{\"@context\":\"https:\/\/schema.org\",\"@graph\":[{\"@type\":\"Article\",\"@id\":\"https:\/\/www.mycoyote.net\/blog\/attualita\/addio-seat-fate-spazio-alla-cupra\/#article\",\"isPartOf\":{\"@id\":\"https:\/\/www.mycoyote.net\/blog\/attualita\/addio-seat-fate-spazio-alla-cupra\/\"},\"author\":{\"name\":\"Nathan Thierry\",\"@id\":\"https:\/\/www.mycoyote.net\/blog\/#\/schema\/person\/f5af150ab710178af89daa9671962d2c\"},\"headline\":\"Addio Seat, fate spazio alla Cupra!\",\"datePublished\":\"2024-05-06T10:00:12+00:00\",\"mainEntityOfPage\":{\"@id\":\"https:\/\/www.mycoyote.net\/blog\/attualita\/addio-seat-fate-spazio-alla-cupra\/\"},\"wordCount\":493,\"commentCount\":0,\"publisher\":{\"@id\":\"https:\/\/www.mycoyote.net\/blog\/#organization\"},\"image\":{\"@id\":\"https:\/\/www.mycoyote.net\/blog\/attualita\/addio-seat-fate-spazio-alla-cupra\/#primaryimage\"},\"thumbnailUrl\":\"https:\/\/medias.coyotesystems.com\/wordpress\/sites\/6\/2024\/04\/cupra_seat.jpg\",\"articleSection\":[\"Attualit\u00e0\"],\"inLanguage\":\"it-IT\",\"potentialAction\":[{\"@type\":\"CommentAction\",\"name\":\"Comment\",\"target\":[\"https:\/\/www.mycoyote.net\/blog\/attualita\/addio-seat-fate-spazio-alla-cupra\/#respond\"]}]},{\"@type\":\"WebPage\",\"@id\":\"https:\/\/www.mycoyote.net\/blog\/attualita\/addio-seat-fate-spazio-alla-cupra\/\",\"url\":\"https:\/\/www.mycoyote.net\/blog\/attualita\/addio-seat-fate-spazio-alla-cupra\/\",\"name\":\"La fine delle termiche: il declino di Seat a favore di Cupra?\",\"isPartOf\":{\"@id\":\"https:\/\/www.mycoyote.net\/blog\/#website\"},\"primaryImageOfPage\":{\"@id\":\"https:\/\/www.mycoyote.net\/blog\/attualita\/addio-seat-fate-spazio-alla-cupra\/#primaryimage\"},\"image\":{\"@id\":\"https:\/\/www.mycoyote.net\/blog\/attualita\/addio-seat-fate-spazio-alla-cupra\/#primaryimage\"},\"thumbnailUrl\":\"https:\/\/medias.coyotesystems.com\/wordpress\/sites\/6\/2024\/04\/cupra_seat.jpg\",\"datePublished\":\"2024-05-06T10:00:12+00:00\",\"description\":\"Il futuro di Seat \u00e8 Cupra, ma il marchio non cesser\u00e0 di esistere. Vi spieghiamo tutto nel nostro articolo Coyote.\",\"breadcrumb\":{\"@id\":\"https:\/\/www.mycoyote.net\/blog\/attualita\/addio-seat-fate-spazio-alla-cupra\/#breadcrumb\"},\"inLanguage\":\"it-IT\",\"potentialAction\":[{\"@type\":\"ReadAction\",\"target\":[\"https:\/\/www.mycoyote.net\/blog\/attualita\/addio-seat-fate-spazio-alla-cupra\/\"]}]},{\"@type\":\"ImageObject\",\"inLanguage\":\"it-IT\",\"@id\":\"https:\/\/www.mycoyote.net\/blog\/attualita\/addio-seat-fate-spazio-alla-cupra\/#primaryimage\",\"url\":\"https:\/\/medias.coyotesystems.com\/wordpress\/sites\/6\/2024\/04\/cupra_seat.jpg\",\"contentUrl\":\"https:\/\/medias.coyotesystems.com\/wordpress\/sites\/6\/2024\/04\/cupra_seat.jpg\",\"width\":1568,\"height\":1045},{\"@type\":\"BreadcrumbList\",\"@id\":\"https:\/\/www.mycoyote.net\/blog\/attualita\/addio-seat-fate-spazio-alla-cupra\/#breadcrumb\",\"itemListElement\":[{\"@type\":\"ListItem\",\"position\":1,\"name\":\"Home\",\"item\":\"https:\/\/www.mycoyote.net\/blog\/\"},{\"@type\":\"ListItem\",\"position\":2,\"name\":\"Attualit\u00e0\",\"item\":\"https:\/\/www.mycoyote.net\/blog\/attualita\/\"},{\"@type\":\"ListItem\",\"position\":3,\"name\":\"Addio Seat, fate spazio alla Cupra!\"}]},{\"@type\":\"WebSite\",\"@id\":\"https:\/\/www.mycoyote.net\/blog\/#website\",\"url\":\"https:\/\/www.mycoyote.net\/blog\/\",\"name\":\"Il Blog Coyote\",\"description\":\"\",\"publisher\":{\"@id\":\"https:\/\/www.mycoyote.net\/blog\/#organization\"},\"potentialAction\":[{\"@type\":\"SearchAction\",\"target\":{\"@type\":\"EntryPoint\",\"urlTemplate\":\"https:\/\/www.mycoyote.net\/blog\/?s={search_term_string}\"},\"query-input\":{\"@type\":\"PropertyValueSpecification\",\"valueRequired\":true,\"valueName\":\"search_term_string\"}}],\"inLanguage\":\"it-IT\"},{\"@type\":\"Organization\",\"@id\":\"https:\/\/www.mycoyote.net\/blog\/#organization\",\"name\":\"Coyote\",\"url\":\"https:\/\/www.mycoyote.net\/blog\/\",\"logo\":{\"@type\":\"ImageObject\",\"inLanguage\":\"it-IT\",\"@id\":\"https:\/\/www.mycoyote.net\/blog\/#\/schema\/logo\/image\/\",\"url\":\"https:\/\/medias.coyotesystems.com\/wordpress\/sites\/6\/2024\/02\/Logo-Coyote-1.png\",\"contentUrl\":\"https:\/\/medias.coyotesystems.com\/wordpress\/sites\/6\/2024\/02\/Logo-Coyote-1.png\",\"width\":842,\"height\":263,\"caption\":\"Coyote\"},\"image\":{\"@id\":\"https:\/\/www.mycoyote.net\/blog\/#\/schema\/logo\/image\/\"},\"sameAs\":[\"https:\/\/www.facebook.com\/coyoteitalia\",\"https:\/\/x.com\/coyoteitalia\",\"https:\/\/www.instagram.com\/coyoteitalia\/\",\"https:\/\/www.linkedin.com\/company\/coyote-italia\/\",\"https:\/\/www.youtube.com\/channel\/UCF8JOuMbqALJkRHNVyVym7A?sub_confirmation=1\"]},{\"@type\":\"Person\",\"@id\":\"https:\/\/www.mycoyote.net\/blog\/#\/schema\/person\/f5af150ab710178af89daa9671962d2c\",\"name\":\"Nathan Thierry\",\"image\":{\"@type\":\"ImageObject\",\"inLanguage\":\"it-IT\",\"@id\":\"https:\/\/www.mycoyote.net\/blog\/#\/schema\/person\/image\/\",\"url\":\"https:\/\/secure.gravatar.com\/avatar\/a55944ac691bd0ff56f862eae2454ca1bb9e420f824642e24d6e59b58f4de8f0?s=96&d=mm&r=g\",\"contentUrl\":\"https:\/\/secure.gravatar.com\/avatar\/a55944ac691bd0ff56f862eae2454ca1bb9e420f824642e24d6e59b58f4de8f0?s=96&d=mm&r=g\",\"caption\":\"Nathan Thierry\"}}]}<\/script>\n<!-- \/ Yoast SEO plugin. -->","yoast_head_json":{"title":"La fine delle termiche: il declino di Seat a favore di Cupra?","description":"Il futuro di Seat \u00e8 Cupra, ma il marchio non cesser\u00e0 di esistere. Vi spieghiamo tutto nel nostro articolo Coyote.","robots":{"index":"index","follow":"follow","max-snippet":"max-snippet:-1","max-image-preview":"max-image-preview:large","max-video-preview":"max-video-preview:-1"},"canonical":"https:\/\/www.mycoyote.net\/blog\/attualita\/addio-seat-fate-spazio-alla-cupra\/","og_locale":"it_IT","og_type":"article","og_title":"La fine delle termiche: il declino di Seat a favore di Cupra?","og_description":"Il futuro di Seat \u00e8 Cupra, ma il marchio non cesser\u00e0 di esistere. Vi spieghiamo tutto nel nostro articolo Coyote.","og_url":"https:\/\/www.mycoyote.net\/blog\/attualita\/addio-seat-fate-spazio-alla-cupra\/","og_site_name":"Il Blog Coyote","article_publisher":"https:\/\/www.facebook.com\/coyoteitalia","article_published_time":"2024-05-06T10:00:12+00:00","og_image":[{"width":1568,"height":1045,"url":"https:\/\/medias.coyotesystems.com\/wordpress\/sites\/6\/2024\/04\/cupra_seat.jpg","type":"image\/jpeg"}],"author":"Nathan Thierry","twitter_card":"summary_large_image","twitter_creator":"@coyoteitalia","twitter_site":"@coyoteitalia","twitter_misc":{"Written by":"Nathan Thierry","Est. reading time":"3 minuti"},"schema":{"@context":"https:\/\/schema.org","@graph":[{"@type":"Article","@id":"https:\/\/www.mycoyote.net\/blog\/attualita\/addio-seat-fate-spazio-alla-cupra\/#article","isPartOf":{"@id":"https:\/\/www.mycoyote.net\/blog\/attualita\/addio-seat-fate-spazio-alla-cupra\/"},"author":{"name":"Nathan Thierry","@id":"https:\/\/www.mycoyote.net\/blog\/#\/schema\/person\/f5af150ab710178af89daa9671962d2c"},"headline":"Addio Seat, fate spazio alla Cupra!","datePublished":"2024-05-06T10:00:12+00:00","mainEntityOfPage":{"@id":"https:\/\/www.mycoyote.net\/blog\/attualita\/addio-seat-fate-spazio-alla-cupra\/"},"wordCount":493,"commentCount":0,"publisher":{"@id":"https:\/\/www.mycoyote.net\/blog\/#organization"},"image":{"@id":"https:\/\/www.mycoyote.net\/blog\/attualita\/addio-seat-fate-spazio-alla-cupra\/#primaryimage"},"thumbnailUrl":"https:\/\/medias.coyotesystems.com\/wordpress\/sites\/6\/2024\/04\/cupra_seat.jpg","articleSection":["Attualit\u00e0"],"inLanguage":"it-IT","potentialAction":[{"@type":"CommentAction","name":"Comment","target":["https:\/\/www.mycoyote.net\/blog\/attualita\/addio-seat-fate-spazio-alla-cupra\/#respond"]}]},{"@type":"WebPage","@id":"https:\/\/www.mycoyote.net\/blog\/attualita\/addio-seat-fate-spazio-alla-cupra\/","url":"https:\/\/www.mycoyote.net\/blog\/attualita\/addio-seat-fate-spazio-alla-cupra\/","name":"La fine delle termiche: il declino di Seat a favore di Cupra?","isPartOf":{"@id":"https:\/\/www.mycoyote.net\/blog\/#website"},"primaryImageOfPage":{"@id":"https:\/\/www.mycoyote.net\/blog\/attualita\/addio-seat-fate-spazio-alla-cupra\/#primaryimage"},"image":{"@id":"https:\/\/www.mycoyote.net\/blog\/attualita\/addio-seat-fate-spazio-alla-cupra\/#primaryimage"},"thumbnailUrl":"https:\/\/medias.coyotesystems.com\/wordpress\/sites\/6\/2024\/04\/cupra_seat.jpg","datePublished":"2024-05-06T10:00:12+00:00","description":"Il futuro di Seat \u00e8 Cupra, ma il marchio non cesser\u00e0 di esistere. Vi spieghiamo tutto nel nostro articolo Coyote.","breadcrumb":{"@id":"https:\/\/www.mycoyote.net\/blog\/attualita\/addio-seat-fate-spazio-alla-cupra\/#breadcrumb"},"inLanguage":"it-IT","potentialAction":[{"@type":"ReadAction","target":["https:\/\/www.mycoyote.net\/blog\/attualita\/addio-seat-fate-spazio-alla-cupra\/"]}]},{"@type":"ImageObject","inLanguage":"it-IT","@id":"https:\/\/www.mycoyote.net\/blog\/attualita\/addio-seat-fate-spazio-alla-cupra\/#primaryimage","url":"https:\/\/medias.coyotesystems.com\/wordpress\/sites\/6\/2024\/04\/cupra_seat.jpg","contentUrl":"https:\/\/medias.coyotesystems.com\/wordpress\/sites\/6\/2024\/04\/cupra_seat.jpg","width":1568,"height":1045},{"@type":"BreadcrumbList","@id":"https:\/\/www.mycoyote.net\/blog\/attualita\/addio-seat-fate-spazio-alla-cupra\/#breadcrumb","itemListElement":[{"@type":"ListItem","position":1,"name":"Home","item":"https:\/\/www.mycoyote.net\/blog\/"},{"@type":"ListItem","position":2,"name":"Attualit\u00e0","item":"https:\/\/www.mycoyote.net\/blog\/attualita\/"},{"@type":"ListItem","position":3,"name":"Addio Seat, fate spazio alla Cupra!"}]},{"@type":"WebSite","@id":"https:\/\/www.mycoyote.net\/blog\/#website","url":"https:\/\/www.mycoyote.net\/blog\/","name":"Il Blog Coyote","description":"","publisher":{"@id":"https:\/\/www.mycoyote.net\/blog\/#organization"},"potentialAction":[{"@type":"SearchAction","target":{"@type":"EntryPoint","urlTemplate":"https:\/\/www.mycoyote.net\/blog\/?s={search_term_string}"},"query-input":{"@type":"PropertyValueSpecification","valueRequired":true,"valueName":"search_term_string"}}],"inLanguage":"it-IT"},{"@type":"Organization","@id":"https:\/\/www.mycoyote.net\/blog\/#organization","name":"Coyote","url":"https:\/\/www.mycoyote.net\/blog\/","logo":{"@type":"ImageObject","inLanguage":"it-IT","@id":"https:\/\/www.mycoyote.net\/blog\/#\/schema\/logo\/image\/","url":"https:\/\/medias.coyotesystems.com\/wordpress\/sites\/6\/2024\/02\/Logo-Coyote-1.png","contentUrl":"https:\/\/medias.coyotesystems.com\/wordpress\/sites\/6\/2024\/02\/Logo-Coyote-1.png","width":842,"height":263,"caption":"Coyote"},"image":{"@id":"https:\/\/www.mycoyote.net\/blog\/#\/schema\/logo\/image\/"},"sameAs":["https:\/\/www.facebook.com\/coyoteitalia","https:\/\/x.com\/coyoteitalia","https:\/\/www.instagram.com\/coyoteitalia\/","https:\/\/www.linkedin.com\/company\/coyote-italia\/","https:\/\/www.youtube.com\/channel\/UCF8JOuMbqALJkRHNVyVym7A?sub_confirmation=1"]},{"@type":"Person","@id":"https:\/\/www.mycoyote.net\/blog\/#\/schema\/person\/f5af150ab710178af89daa9671962d2c","name":"Nathan Thierry","image":{"@type":"ImageObject","inLanguage":"it-IT","@id":"https:\/\/www.mycoyote.net\/blog\/#\/schema\/person\/image\/","url":"https:\/\/secure.gravatar.com\/avatar\/a55944ac691bd0ff56f862eae2454ca1bb9e420f824642e24d6e59b58f4de8f0?s=96&d=mm&r=g","contentUrl":"https:\/\/secure.gravatar.com\/avatar\/a55944ac691bd0ff56f862eae2454ca1bb9e420f824642e24d6e59b58f4de8f0?s=96&d=mm&r=g","caption":"Nathan Thierry"}}]}},"_links":{"self":[{"href":"https:\/\/www.mycoyote.net\/blog\/wp-json\/wp\/v2\/posts\/5793","targetHints":{"allow":["GET"]}}],"collection":[{"href":"https:\/\/www.mycoyote.net\/blog\/wp-json\/wp\/v2\/posts"}],"about":[{"href":"https:\/\/www.mycoyote.net\/blog\/wp-json\/wp\/v2\/types\/post"}],"author":[{"embeddable":true,"href":"https:\/\/www.mycoyote.net\/blog\/wp-json\/wp\/v2\/users\/118"}],"replies":[{"embeddable":true,"href":"https:\/\/www.mycoyote.net\/blog\/wp-json\/wp\/v2\/comments?post=5793"}],"version-history":[{"count":1,"href":"https:\/\/www.mycoyote.net\/blog\/wp-json\/wp\/v2\/posts\/5793\/revisions"}],"predecessor-version":[{"id":5797,"href":"https:\/\/www.mycoyote.net\/blog\/wp-json\/wp\/v2\/posts\/5793\/revisions\/5797"}],"wp:featuredmedia":[{"embeddable":true,"href":"https:\/\/www.mycoyote.net\/blog\/wp-json\/wp\/v2\/media\/5795"}],"wp:attachment":[{"href":"https:\/\/www.mycoyote.net\/blog\/wp-json\/wp\/v2\/media?parent=5793"}],"wp:term":[{"taxonomy":"category","embeddable":true,"href":"https:\/\/www.mycoyote.net\/blog\/wp-json\/wp\/v2\/categories?post=5793"},{"taxonomy":"post_tag","embeddable":true,"href":"https:\/\/www.mycoyote.net\/blog\/wp-json\/wp\/v2\/tags?post=5793"}],"curies":[{"name":"wp","href":"https:\/\/api.w.org\/{rel}","templated":true}]}}