{"id":6705,"date":"2025-12-04T10:00:07","date_gmt":"2025-12-04T10:00:07","guid":{"rendered":"https:\/\/www.mycoyote.net\/blog\/?p=6705"},"modified":"2025-11-18T16:48:11","modified_gmt":"2025-11-18T16:48:11","slug":"perche-le-emissioni-di-co%e2%82%82-aumentano-nonostante-gli-sforzi-per-una-mobilita-sostenibile","status":"publish","type":"post","link":"https:\/\/www.mycoyote.net\/blog\/approfondimenti\/perche-le-emissioni-di-co%e2%82%82-aumentano-nonostante-gli-sforzi-per-una-mobilita-sostenibile\/","title":{"rendered":"Perch\u00e9 le emissioni di CO\u2082 aumentano nonostante gli sforzi per una mobilit\u00e0 sostenibile"},"content":{"rendered":"<p><span data-contrast=\"none\">Negli ultimi anni la mobilit\u00e0 sostenibile \u00e8 diventata una priorit\u00e0 in Italia. Zone a basse emissioni, incentivi per l\u2019acquisto di veicoli elettrici, sviluppo del car sharing: tutto sembra andare nella giusta direzione.<\/span><br \/>\n<span data-contrast=\"none\">Eppure, i\u00a0dati\u00a0raccontano\u00a0un\u2019altra\u00a0storia.\u00a0<\/span><span data-contrast=\"none\">Secondo il rapporto 2024 dell\u2019Osservatorio SUNRISE (MOST \u2013 Centro Nazionale per la Mobilit\u00e0 Sostenibile), le emissioni di CO\u2082 legate al trasporto su strada sono aumentate del\u00a0<\/span><b><span data-contrast=\"none\">3% in cinque anni<\/span><\/b><span data-contrast=\"none\">.<\/span><br \/>\n<span data-contrast=\"none\">Come si spiega\u00a0questa incongruenza?<\/span><span data-ccp-props=\"{&quot;335551550&quot;:6,&quot;335551620&quot;:6}\">\u00a0<\/span><\/p>\n<h2 aria-level=\"2\"><span data-contrast=\"none\">Un parco auto sempre pi\u00f9 vecchio che ostacola la transizione<\/span><span data-ccp-props=\"{&quot;134245418&quot;:true,&quot;134245529&quot;:true,&quot;335551550&quot;:6,&quot;335551620&quot;:6,&quot;335559738&quot;:40,&quot;335559739&quot;:0}\">\u00a0<\/span><\/h2>\n<h3 aria-level=\"3\"><span data-contrast=\"none\">Auto pi\u00f9 datate, pi\u00f9 inquinanti<\/span><span data-ccp-props=\"{&quot;134245418&quot;:true,&quot;134245529&quot;:true,&quot;335551550&quot;:6,&quot;335551620&quot;:6,&quot;335559738&quot;:40,&quot;335559739&quot;:0}\">\u00a0<\/span><\/h3>\n<p><span data-contrast=\"none\">L\u2019et\u00e0 media delle auto circolanti in Italia ha superato i\u00a0<\/span><b><span data-contrast=\"none\">12 anni<\/span><\/b><span data-contrast=\"none\">, una delle pi\u00f9 alte d\u2019Europa. Pi\u00f9 le vetture invecchiano, pi\u00f9 consumano e pi\u00f9 emettono gas serra. Molti veicoli ancora in circolazione rispettano solo le norme Euro 3 o Euro 4, molto meno efficienti rispetto alle motorizzazioni moderne.<\/span><span data-ccp-props=\"{&quot;335551550&quot;:6,&quot;335551620&quot;:6}\">\u00a0<\/span><\/p>\n<p><span data-contrast=\"none\">Gli incentivi per la rottamazione esistono, ma il rinnovo del parco auto procede lentamente. Le cause principali sono il prezzo elevato dei nuovi veicoli, la burocrazia legata agli eco-bonus e la scarsa diffusione del mercato dell\u2019usato elettrico.<\/span><span data-ccp-props=\"{&quot;335551550&quot;:6,&quot;335551620&quot;:6}\">\u00a0<\/span><\/p>\n<h3 aria-level=\"3\"><span data-contrast=\"none\">L\u2019ascesa dei SUV<\/span><span data-ccp-props=\"{&quot;134245418&quot;:true,&quot;134245529&quot;:true,&quot;335551550&quot;:6,&quot;335551620&quot;:6,&quot;335559738&quot;:40,&quot;335559739&quot;:0}\">\u00a0<\/span><\/h3>\n<p><span data-contrast=\"none\">Un altro fattore rilevante \u00e8 la popolarit\u00e0 dei SUV, sempre pi\u00f9 pesanti e dispendiosi in termini di consumi. In Italia rappresentano ormai quasi\u00a0<\/span><b><span data-contrast=\"none\">un\u2019auto nuova su due<\/span><\/b><span data-contrast=\"none\">. Anche quando sono ibridi, il loro peso maggiore implica un consumo superiore e, quindi, pi\u00f9 CO\u2082 emessa per ogni tragitto.<\/span><span data-ccp-props=\"{&quot;335551550&quot;:6,&quot;335551620&quot;:6}\">\u00a0<\/span><\/p>\n<h2 aria-level=\"2\">I paradossi della mobilit\u00e0 sostenibile in Italia<\/h2>\n<h3 aria-level=\"3\"><span data-contrast=\"none\">Tra ambizione e realt\u00e0<\/span><span data-ccp-props=\"{&quot;134245418&quot;:true,&quot;134245529&quot;:true,&quot;335551550&quot;:6,&quot;335551620&quot;:6,&quot;335559738&quot;:40,&quot;335559739&quot;:0}\">\u00a0<\/span><\/h3>\n<p><span data-contrast=\"none\">Le politiche pubbliche sostengono la transizione ecologica, ma la realt\u00e0 quotidiana resta complessa. Le infrastrutture di ricarica sono ancora distribuite in modo disomogeneo, rallentando la diffusione dei veicoli elettrici nelle aree rurali. Inoltre, il costo dell\u2019elettricit\u00e0 e la lentezza della ricarica preoccupano molti automobilisti.<\/span><span data-ccp-props=\"{&quot;335551550&quot;:6,&quot;335551620&quot;:6}\">\u00a0<\/span><\/p>\n<p><span data-contrast=\"none\">Allo stesso tempo, l\u2019aumento del traffico post-pandemia, la ripresa economica e il ritorno agli spostamenti casa-lavoro hanno contribuito al nuovo aumento delle emissioni.<\/span><span data-ccp-props=\"{&quot;335551550&quot;:6,&quot;335551620&quot;:6}\">\u00a0<\/span><\/p>\n<h3 aria-level=\"3\"><span data-contrast=\"none\">I\u00a0comportamenti\u00a0che\u00a0non\u00a0cambiano<\/span><span data-ccp-props=\"{&quot;134245418&quot;:true,&quot;134245529&quot;:true,&quot;335551550&quot;:6,&quot;335551620&quot;:6,&quot;335559738&quot;:40,&quot;335559739&quot;:0}\">\u00a0<\/span><\/h3>\n<p><span data-contrast=\"none\">La mobilit\u00e0 sostenibile non dipende solo dalla tecnologia, ma anche dai comportamenti individuali. Gli italiani, molto legati alla propria auto,\u00a0adottano\u00a0con riluttanza\u00a0soluzioni come il car sharing o i trasporti pubblici. Anche se in crescita, queste alternative restano ancora marginali rispetto all\u2019uso quotidiano dell\u2019auto privata.<\/span><span data-ccp-props=\"{&quot;335551550&quot;:6,&quot;335551620&quot;:6}\">\u00a0<\/span><\/p>\n<h2 aria-level=\"2\"><span data-contrast=\"none\">L\u2019impatto per i conducenti e per le aziende<\/span><span data-ccp-props=\"{&quot;134245418&quot;:true,&quot;134245529&quot;:true,&quot;335551550&quot;:6,&quot;335551620&quot;:6,&quot;335559738&quot;:40,&quot;335559739&quot;:0}\">\u00a0<\/span><\/h2>\n<h3 aria-level=\"3\"><span data-contrast=\"none\">Per i privati: un costo sempre pi\u00f9 alto<\/span><span data-ccp-props=\"{&quot;134245418&quot;:true,&quot;134245529&quot;:true,&quot;335551550&quot;:6,&quot;335551620&quot;:6,&quot;335559738&quot;:40,&quot;335559739&quot;:0}\">\u00a0<\/span><\/h3>\n<p><span data-contrast=\"none\">Un\u2019auto vecchia non solo inquina di pi\u00f9, ma pesa anche di pi\u00f9 sul portafoglio: manutenzione pi\u00f9 frequente, maggiori consumi e tasse pi\u00f9 elevate nelle citt\u00e0 con restrizioni ambientali.\u00a0<\/span><span data-contrast=\"none\">Molti automobilisti devono decidere se continuare a usare un\u2019auto inquinante e costosa o passare a una soluzione pi\u00f9 pulita, anche se meno conveniente nel breve periodo.<\/span><span data-ccp-props=\"{&quot;335551550&quot;:6,&quot;335551620&quot;:6}\">\u00a0<\/span><\/p>\n<h3 aria-level=\"3\"><span data-contrast=\"none\">Per le flotte aziendali: una sfida economica e ambientale<\/span><span data-ccp-props=\"{&quot;134245418&quot;:true,&quot;134245529&quot;:true,&quot;335551550&quot;:6,&quot;335551620&quot;:6,&quot;335559738&quot;:40,&quot;335559739&quot;:0}\">\u00a0<\/span><\/h3>\n<p><span data-contrast=\"none\">Le aziende devono conciliare sostenibilit\u00e0 e bilanci. Rinnovare le flotte con modelli ibridi o elettrici richiede investimenti significativi e una pianificazione attenta. Tuttavia, questa transizione \u00e8 indispensabile: riduce le emissioni complessive, ottimizza il costo totale di possesso (TCO) e migliora l\u2019immagine ambientale dell\u2019impresa.<\/span><span data-ccp-props=\"{&quot;335551550&quot;:6,&quot;335551620&quot;:6}\">\u00a0<\/span><\/p>\n<h2 aria-level=\"2\"><span data-contrast=\"none\">Il ruolo di Coyote per una mobilit\u00e0 pi\u00f9 responsabile<\/span><span data-ccp-props=\"{&quot;134245418&quot;:true,&quot;134245529&quot;:true,&quot;335551550&quot;:6,&quot;335551620&quot;:6,&quot;335559738&quot;:40,&quot;335559739&quot;:0}\">\u00a0<\/span><\/h2>\n<h3 aria-level=\"3\"><span data-contrast=\"none\">Un assistente per una guida pi\u00f9 efficiente<\/span><span data-ccp-props=\"{&quot;134245418&quot;:true,&quot;134245529&quot;:true,&quot;335551550&quot;:6,&quot;335551620&quot;:6,&quot;335559738&quot;:40,&quot;335559739&quot;:0}\">\u00a0<\/span><\/h3>\n<p><span data-contrast=\"none\">Ridurre le emissioni passa anche da uno stile di guida pi\u00f9 intelligente. Gli assistenti Coyote aiutano i conducenti in questo percorso: avvisi sui limiti di velocit\u00e0, informazioni sul traffico in tempo reale, segnalazioni di pericoli o rallentamenti. Una guida pi\u00f9 fluida e anticipata consente di\u00a0<\/span><b><span data-contrast=\"none\">ridurre fino al 15% i consumi di carburante<\/span><\/b><span data-contrast=\"none\">, e quindi le emissioni di CO\u2082.<\/span><span data-ccp-props=\"{&quot;335551550&quot;:6,&quot;335551620&quot;:6}\">\u00a0<\/span><\/p>\n<h3 aria-level=\"3\"><span data-contrast=\"none\">Guidare in modo intelligente \u00e8 anche guidare in modo sostenibile<\/span><span data-ccp-props=\"{&quot;134245418&quot;:true,&quot;134245529&quot;:true,&quot;335551550&quot;:6,&quot;335551620&quot;:6,&quot;335559738&quot;:40,&quot;335559739&quot;:0}\">\u00a0<\/span><\/h3>\n<p><span data-contrast=\"none\">La mobilit\u00e0 sostenibile non significa solo cambiare auto, ma anche cambiare abitudini. Adeguare la velocit\u00e0, evitare accelerazioni brusche, controllare la\u00a0pressione\u00a0<\/span><span data-contrast=\"none\">Dei pneumatici\u00a0<\/span><span data-contrast=\"none\">o pianificare il percorso: piccoli gesti che fanno una grande differenza. <\/span><span data-contrast=\"none\">Vuoi guidare in modo pi\u00f9 responsabile e sicuro? Scarica subito\u00a0<\/span><a href=\"https:\/\/www.mycoyote.net\/it\/product\/607\/App-Coyote.html\"><span data-contrast=\"none\">l\u2019app Coyote<\/span><\/a><span data-contrast=\"none\">\u00a0e scopri un nuovo modo di vivere la strada.<\/span><br \/>\n<span data-contrast=\"none\">Scoprire\u00a0<\/span><span data-ccp-props=\"{&quot;335551550&quot;:6,&quot;335551620&quot;:6}\">\u00a0<\/span><\/p>\n<p><a class=\"btn btn-primary dark mx-auto\" href=\"https:\/\/www.mycoyote.net\/it\/product\/607\/app-coyote.html\" target=\"_blank\" rel=\"noopener\">Scoprire<\/a><\/p>\n<p><span data-contrast=\"none\">L\u2019aumento delle emissioni di CO\u2082 nonostante gli sforzi per la mobilit\u00e0 sostenibile dimostra che la transizione non si impone: si accompagna. Il rinnovo del parco auto, l\u2019evoluzione dei comportamenti e l\u2019ammodernamento delle infrastrutture sono tutti elementi chiave.<\/span><br \/>\n<span data-contrast=\"none\">Coyote, con le sue soluzioni connesse, promuove una mobilit\u00e0 pi\u00f9 fluida, pi\u00f9 sicura e pi\u00f9 rispettosa dell\u2019ambiente.<\/span><\/p>\n<p><span data-contrast=\"none\">Trova tanti altri consigli sul mondo dell\u2019auto nel\u00a0<\/span><a href=\"https:\/\/www.mycoyote.net\/blog\/\"><span data-contrast=\"none\">blog di Coyote<\/span><\/a><span data-contrast=\"none\">!<\/span><span data-ccp-props=\"{&quot;335551550&quot;:6,&quot;335551620&quot;:6}\">\u00a0<\/span><\/p>\n","protected":false},"excerpt":{"rendered":"<p>Negli ultimi anni la mobilit\u00e0 sostenibile \u00e8 diventata una priorit\u00e0 in Italia. Zone a basse emissioni, incentivi per l\u2019acquisto di [&hellip;]<\/p>\n","protected":false},"author":118,"featured_media":6708,"comment_status":"open","ping_status":"open","sticky":false,"template":"","format":"standard","meta":{"_acf_changed":false,"footnotes":""},"categories":[36],"tags":[],"class_list":["post-6705","post","type-post","status-publish","format-standard","has-post-thumbnail","hentry","category-approfondimenti"],"acf":[],"yoast_head":"<!-- This site is optimized with the Yoast SEO plugin v25.9 - https:\/\/yoast.com\/wordpress\/plugins\/seo\/ -->\n<title>Perch\u00e9 le emissioni di CO\u2082 continuano ad aumentare<\/title>\n<meta name=\"description\" content=\"In Italia le emissioni di CO\u2082 dei trasporti stradali continuano a crescere, nonostante le iniziative per una mobilit\u00e0 sostenibile. Ecco perch\u00e9 e come invertire la tendenza.\" \/>\n<meta name=\"robots\" content=\"index, follow, max-snippet:-1, max-image-preview:large, max-video-preview:-1\" \/>\n<link rel=\"canonical\" href=\"https:\/\/www.mycoyote.net\/blog\/approfondimenti\/perche-le-emissioni-di-co\u2082-aumentano-nonostante-gli-sforzi-per-una-mobilita-sostenibile\/\" \/>\n<meta property=\"og:locale\" content=\"it_IT\" \/>\n<meta property=\"og:type\" content=\"article\" \/>\n<meta property=\"og:title\" content=\"Perch\u00e9 le emissioni di CO\u2082 continuano ad aumentare\" \/>\n<meta property=\"og:description\" content=\"In Italia le emissioni di CO\u2082 dei trasporti stradali continuano a crescere, nonostante le iniziative per una mobilit\u00e0 sostenibile. Ecco perch\u00e9 e come invertire la tendenza.\" \/>\n<meta property=\"og:url\" content=\"https:\/\/www.mycoyote.net\/blog\/approfondimenti\/perche-le-emissioni-di-co\u2082-aumentano-nonostante-gli-sforzi-per-una-mobilita-sostenibile\/\" \/>\n<meta property=\"og:site_name\" content=\"Il Blog Coyote\" \/>\n<meta property=\"article:publisher\" content=\"https:\/\/www.facebook.com\/coyoteitalia\" \/>\n<meta property=\"article:published_time\" content=\"2025-12-04T10:00:07+00:00\" \/>\n<meta property=\"og:image\" content=\"https:\/\/medias.coyotesystems.com\/wordpress\/sites\/6\/2025\/11\/CO2_law.webp\" \/>\n\t<meta property=\"og:image:width\" content=\"1940\" \/>\n\t<meta property=\"og:image:height\" content=\"1200\" \/>\n\t<meta property=\"og:image:type\" content=\"image\/webp\" \/>\n<meta name=\"author\" content=\"Nathan Thierry\" \/>\n<meta name=\"twitter:card\" content=\"summary_large_image\" \/>\n<meta name=\"twitter:creator\" content=\"@coyoteitalia\" \/>\n<meta name=\"twitter:site\" content=\"@coyoteitalia\" \/>\n<meta name=\"twitter:label1\" content=\"Written by\" \/>\n\t<meta name=\"twitter:data1\" content=\"Nathan Thierry\" \/>\n\t<meta name=\"twitter:label2\" content=\"Est. reading time\" \/>\n\t<meta name=\"twitter:data2\" content=\"4 minuti\" \/>\n<script type=\"application\/ld+json\" class=\"yoast-schema-graph\">{\"@context\":\"https:\/\/schema.org\",\"@graph\":[{\"@type\":\"Article\",\"@id\":\"https:\/\/www.mycoyote.net\/blog\/approfondimenti\/perche-le-emissioni-di-co%e2%82%82-aumentano-nonostante-gli-sforzi-per-una-mobilita-sostenibile\/#article\",\"isPartOf\":{\"@id\":\"https:\/\/www.mycoyote.net\/blog\/approfondimenti\/perche-le-emissioni-di-co%e2%82%82-aumentano-nonostante-gli-sforzi-per-una-mobilita-sostenibile\/\"},\"author\":{\"name\":\"Nathan Thierry\",\"@id\":\"https:\/\/www.mycoyote.net\/blog\/#\/schema\/person\/f5af150ab710178af89daa9671962d2c\"},\"headline\":\"Perch\u00e9 le emissioni di CO\u2082 aumentano nonostante gli sforzi per una mobilit\u00e0 sostenibile\",\"datePublished\":\"2025-12-04T10:00:07+00:00\",\"mainEntityOfPage\":{\"@id\":\"https:\/\/www.mycoyote.net\/blog\/approfondimenti\/perche-le-emissioni-di-co%e2%82%82-aumentano-nonostante-gli-sforzi-per-una-mobilita-sostenibile\/\"},\"wordCount\":707,\"commentCount\":0,\"publisher\":{\"@id\":\"https:\/\/www.mycoyote.net\/blog\/#organization\"},\"image\":{\"@id\":\"https:\/\/www.mycoyote.net\/blog\/approfondimenti\/perche-le-emissioni-di-co%e2%82%82-aumentano-nonostante-gli-sforzi-per-una-mobilita-sostenibile\/#primaryimage\"},\"thumbnailUrl\":\"https:\/\/medias.coyotesystems.com\/wordpress\/sites\/6\/2025\/11\/CO2_law.webp\",\"articleSection\":[\"Approfondimenti\"],\"inLanguage\":\"it-IT\",\"potentialAction\":[{\"@type\":\"CommentAction\",\"name\":\"Comment\",\"target\":[\"https:\/\/www.mycoyote.net\/blog\/approfondimenti\/perche-le-emissioni-di-co%e2%82%82-aumentano-nonostante-gli-sforzi-per-una-mobilita-sostenibile\/#respond\"]}]},{\"@type\":\"WebPage\",\"@id\":\"https:\/\/www.mycoyote.net\/blog\/approfondimenti\/perche-le-emissioni-di-co%e2%82%82-aumentano-nonostante-gli-sforzi-per-una-mobilita-sostenibile\/\",\"url\":\"https:\/\/www.mycoyote.net\/blog\/approfondimenti\/perche-le-emissioni-di-co%e2%82%82-aumentano-nonostante-gli-sforzi-per-una-mobilita-sostenibile\/\",\"name\":\"Perch\u00e9 le emissioni di CO\u2082 continuano ad aumentare\",\"isPartOf\":{\"@id\":\"https:\/\/www.mycoyote.net\/blog\/#website\"},\"primaryImageOfPage\":{\"@id\":\"https:\/\/www.mycoyote.net\/blog\/approfondimenti\/perche-le-emissioni-di-co%e2%82%82-aumentano-nonostante-gli-sforzi-per-una-mobilita-sostenibile\/#primaryimage\"},\"image\":{\"@id\":\"https:\/\/www.mycoyote.net\/blog\/approfondimenti\/perche-le-emissioni-di-co%e2%82%82-aumentano-nonostante-gli-sforzi-per-una-mobilita-sostenibile\/#primaryimage\"},\"thumbnailUrl\":\"https:\/\/medias.coyotesystems.com\/wordpress\/sites\/6\/2025\/11\/CO2_law.webp\",\"datePublished\":\"2025-12-04T10:00:07+00:00\",\"description\":\"In Italia le emissioni di CO\u2082 dei trasporti stradali continuano a crescere, nonostante le iniziative per una mobilit\u00e0 sostenibile. Ecco perch\u00e9 e come invertire la tendenza.\",\"breadcrumb\":{\"@id\":\"https:\/\/www.mycoyote.net\/blog\/approfondimenti\/perche-le-emissioni-di-co%e2%82%82-aumentano-nonostante-gli-sforzi-per-una-mobilita-sostenibile\/#breadcrumb\"},\"inLanguage\":\"it-IT\",\"potentialAction\":[{\"@type\":\"ReadAction\",\"target\":[\"https:\/\/www.mycoyote.net\/blog\/approfondimenti\/perche-le-emissioni-di-co%e2%82%82-aumentano-nonostante-gli-sforzi-per-una-mobilita-sostenibile\/\"]}]},{\"@type\":\"ImageObject\",\"inLanguage\":\"it-IT\",\"@id\":\"https:\/\/www.mycoyote.net\/blog\/approfondimenti\/perche-le-emissioni-di-co%e2%82%82-aumentano-nonostante-gli-sforzi-per-una-mobilita-sostenibile\/#primaryimage\",\"url\":\"https:\/\/medias.coyotesystems.com\/wordpress\/sites\/6\/2025\/11\/CO2_law.webp\",\"contentUrl\":\"https:\/\/medias.coyotesystems.com\/wordpress\/sites\/6\/2025\/11\/CO2_law.webp\",\"width\":1940,\"height\":1200,\"caption\":\"law about CO2\"},{\"@type\":\"BreadcrumbList\",\"@id\":\"https:\/\/www.mycoyote.net\/blog\/approfondimenti\/perche-le-emissioni-di-co%e2%82%82-aumentano-nonostante-gli-sforzi-per-una-mobilita-sostenibile\/#breadcrumb\",\"itemListElement\":[{\"@type\":\"ListItem\",\"position\":1,\"name\":\"Home\",\"item\":\"https:\/\/www.mycoyote.net\/blog\/\"},{\"@type\":\"ListItem\",\"position\":2,\"name\":\"Approfondimenti\",\"item\":\"https:\/\/www.mycoyote.net\/blog\/approfondimenti\/\"},{\"@type\":\"ListItem\",\"position\":3,\"name\":\"Perch\u00e9 le emissioni di CO\u2082 aumentano nonostante gli sforzi per una mobilit\u00e0 sostenibile\"}]},{\"@type\":\"WebSite\",\"@id\":\"https:\/\/www.mycoyote.net\/blog\/#website\",\"url\":\"https:\/\/www.mycoyote.net\/blog\/\",\"name\":\"Il Blog Coyote\",\"description\":\"\",\"publisher\":{\"@id\":\"https:\/\/www.mycoyote.net\/blog\/#organization\"},\"potentialAction\":[{\"@type\":\"SearchAction\",\"target\":{\"@type\":\"EntryPoint\",\"urlTemplate\":\"https:\/\/www.mycoyote.net\/blog\/?s={search_term_string}\"},\"query-input\":{\"@type\":\"PropertyValueSpecification\",\"valueRequired\":true,\"valueName\":\"search_term_string\"}}],\"inLanguage\":\"it-IT\"},{\"@type\":\"Organization\",\"@id\":\"https:\/\/www.mycoyote.net\/blog\/#organization\",\"name\":\"Coyote\",\"url\":\"https:\/\/www.mycoyote.net\/blog\/\",\"logo\":{\"@type\":\"ImageObject\",\"inLanguage\":\"it-IT\",\"@id\":\"https:\/\/www.mycoyote.net\/blog\/#\/schema\/logo\/image\/\",\"url\":\"https:\/\/medias.coyotesystems.com\/wordpress\/sites\/6\/2024\/02\/Logo-Coyote-1.png\",\"contentUrl\":\"https:\/\/medias.coyotesystems.com\/wordpress\/sites\/6\/2024\/02\/Logo-Coyote-1.png\",\"width\":842,\"height\":263,\"caption\":\"Coyote\"},\"image\":{\"@id\":\"https:\/\/www.mycoyote.net\/blog\/#\/schema\/logo\/image\/\"},\"sameAs\":[\"https:\/\/www.facebook.com\/coyoteitalia\",\"https:\/\/x.com\/coyoteitalia\",\"https:\/\/www.instagram.com\/coyoteitalia\/\",\"https:\/\/www.linkedin.com\/company\/coyote-italia\/\",\"https:\/\/www.youtube.com\/channel\/UCF8JOuMbqALJkRHNVyVym7A?sub_confirmation=1\"]},{\"@type\":\"Person\",\"@id\":\"https:\/\/www.mycoyote.net\/blog\/#\/schema\/person\/f5af150ab710178af89daa9671962d2c\",\"name\":\"Nathan Thierry\",\"image\":{\"@type\":\"ImageObject\",\"inLanguage\":\"it-IT\",\"@id\":\"https:\/\/www.mycoyote.net\/blog\/#\/schema\/person\/image\/\",\"url\":\"https:\/\/secure.gravatar.com\/avatar\/a55944ac691bd0ff56f862eae2454ca1bb9e420f824642e24d6e59b58f4de8f0?s=96&d=mm&r=g\",\"contentUrl\":\"https:\/\/secure.gravatar.com\/avatar\/a55944ac691bd0ff56f862eae2454ca1bb9e420f824642e24d6e59b58f4de8f0?s=96&d=mm&r=g\",\"caption\":\"Nathan Thierry\"}}]}<\/script>\n<!-- \/ Yoast SEO plugin. -->","yoast_head_json":{"title":"Perch\u00e9 le emissioni di CO\u2082 continuano ad aumentare","description":"In Italia le emissioni di CO\u2082 dei trasporti stradali continuano a crescere, nonostante le iniziative per una mobilit\u00e0 sostenibile. Ecco perch\u00e9 e come invertire la tendenza.","robots":{"index":"index","follow":"follow","max-snippet":"max-snippet:-1","max-image-preview":"max-image-preview:large","max-video-preview":"max-video-preview:-1"},"canonical":"https:\/\/www.mycoyote.net\/blog\/approfondimenti\/perche-le-emissioni-di-co\u2082-aumentano-nonostante-gli-sforzi-per-una-mobilita-sostenibile\/","og_locale":"it_IT","og_type":"article","og_title":"Perch\u00e9 le emissioni di CO\u2082 continuano ad aumentare","og_description":"In Italia le emissioni di CO\u2082 dei trasporti stradali continuano a crescere, nonostante le iniziative per una mobilit\u00e0 sostenibile. Ecco perch\u00e9 e come invertire la tendenza.","og_url":"https:\/\/www.mycoyote.net\/blog\/approfondimenti\/perche-le-emissioni-di-co\u2082-aumentano-nonostante-gli-sforzi-per-una-mobilita-sostenibile\/","og_site_name":"Il Blog Coyote","article_publisher":"https:\/\/www.facebook.com\/coyoteitalia","article_published_time":"2025-12-04T10:00:07+00:00","og_image":[{"width":1940,"height":1200,"url":"https:\/\/medias.coyotesystems.com\/wordpress\/sites\/6\/2025\/11\/CO2_law.webp","type":"image\/webp"}],"author":"Nathan Thierry","twitter_card":"summary_large_image","twitter_creator":"@coyoteitalia","twitter_site":"@coyoteitalia","twitter_misc":{"Written by":"Nathan Thierry","Est. reading time":"4 minuti"},"schema":{"@context":"https:\/\/schema.org","@graph":[{"@type":"Article","@id":"https:\/\/www.mycoyote.net\/blog\/approfondimenti\/perche-le-emissioni-di-co%e2%82%82-aumentano-nonostante-gli-sforzi-per-una-mobilita-sostenibile\/#article","isPartOf":{"@id":"https:\/\/www.mycoyote.net\/blog\/approfondimenti\/perche-le-emissioni-di-co%e2%82%82-aumentano-nonostante-gli-sforzi-per-una-mobilita-sostenibile\/"},"author":{"name":"Nathan Thierry","@id":"https:\/\/www.mycoyote.net\/blog\/#\/schema\/person\/f5af150ab710178af89daa9671962d2c"},"headline":"Perch\u00e9 le emissioni di CO\u2082 aumentano nonostante gli sforzi per una mobilit\u00e0 sostenibile","datePublished":"2025-12-04T10:00:07+00:00","mainEntityOfPage":{"@id":"https:\/\/www.mycoyote.net\/blog\/approfondimenti\/perche-le-emissioni-di-co%e2%82%82-aumentano-nonostante-gli-sforzi-per-una-mobilita-sostenibile\/"},"wordCount":707,"commentCount":0,"publisher":{"@id":"https:\/\/www.mycoyote.net\/blog\/#organization"},"image":{"@id":"https:\/\/www.mycoyote.net\/blog\/approfondimenti\/perche-le-emissioni-di-co%e2%82%82-aumentano-nonostante-gli-sforzi-per-una-mobilita-sostenibile\/#primaryimage"},"thumbnailUrl":"https:\/\/medias.coyotesystems.com\/wordpress\/sites\/6\/2025\/11\/CO2_law.webp","articleSection":["Approfondimenti"],"inLanguage":"it-IT","potentialAction":[{"@type":"CommentAction","name":"Comment","target":["https:\/\/www.mycoyote.net\/blog\/approfondimenti\/perche-le-emissioni-di-co%e2%82%82-aumentano-nonostante-gli-sforzi-per-una-mobilita-sostenibile\/#respond"]}]},{"@type":"WebPage","@id":"https:\/\/www.mycoyote.net\/blog\/approfondimenti\/perche-le-emissioni-di-co%e2%82%82-aumentano-nonostante-gli-sforzi-per-una-mobilita-sostenibile\/","url":"https:\/\/www.mycoyote.net\/blog\/approfondimenti\/perche-le-emissioni-di-co%e2%82%82-aumentano-nonostante-gli-sforzi-per-una-mobilita-sostenibile\/","name":"Perch\u00e9 le emissioni di CO\u2082 continuano ad aumentare","isPartOf":{"@id":"https:\/\/www.mycoyote.net\/blog\/#website"},"primaryImageOfPage":{"@id":"https:\/\/www.mycoyote.net\/blog\/approfondimenti\/perche-le-emissioni-di-co%e2%82%82-aumentano-nonostante-gli-sforzi-per-una-mobilita-sostenibile\/#primaryimage"},"image":{"@id":"https:\/\/www.mycoyote.net\/blog\/approfondimenti\/perche-le-emissioni-di-co%e2%82%82-aumentano-nonostante-gli-sforzi-per-una-mobilita-sostenibile\/#primaryimage"},"thumbnailUrl":"https:\/\/medias.coyotesystems.com\/wordpress\/sites\/6\/2025\/11\/CO2_law.webp","datePublished":"2025-12-04T10:00:07+00:00","description":"In Italia le emissioni di CO\u2082 dei trasporti stradali continuano a crescere, nonostante le iniziative per una mobilit\u00e0 sostenibile. Ecco perch\u00e9 e come invertire la tendenza.","breadcrumb":{"@id":"https:\/\/www.mycoyote.net\/blog\/approfondimenti\/perche-le-emissioni-di-co%e2%82%82-aumentano-nonostante-gli-sforzi-per-una-mobilita-sostenibile\/#breadcrumb"},"inLanguage":"it-IT","potentialAction":[{"@type":"ReadAction","target":["https:\/\/www.mycoyote.net\/blog\/approfondimenti\/perche-le-emissioni-di-co%e2%82%82-aumentano-nonostante-gli-sforzi-per-una-mobilita-sostenibile\/"]}]},{"@type":"ImageObject","inLanguage":"it-IT","@id":"https:\/\/www.mycoyote.net\/blog\/approfondimenti\/perche-le-emissioni-di-co%e2%82%82-aumentano-nonostante-gli-sforzi-per-una-mobilita-sostenibile\/#primaryimage","url":"https:\/\/medias.coyotesystems.com\/wordpress\/sites\/6\/2025\/11\/CO2_law.webp","contentUrl":"https:\/\/medias.coyotesystems.com\/wordpress\/sites\/6\/2025\/11\/CO2_law.webp","width":1940,"height":1200,"caption":"law about CO2"},{"@type":"BreadcrumbList","@id":"https:\/\/www.mycoyote.net\/blog\/approfondimenti\/perche-le-emissioni-di-co%e2%82%82-aumentano-nonostante-gli-sforzi-per-una-mobilita-sostenibile\/#breadcrumb","itemListElement":[{"@type":"ListItem","position":1,"name":"Home","item":"https:\/\/www.mycoyote.net\/blog\/"},{"@type":"ListItem","position":2,"name":"Approfondimenti","item":"https:\/\/www.mycoyote.net\/blog\/approfondimenti\/"},{"@type":"ListItem","position":3,"name":"Perch\u00e9 le emissioni di CO\u2082 aumentano nonostante gli sforzi per una mobilit\u00e0 sostenibile"}]},{"@type":"WebSite","@id":"https:\/\/www.mycoyote.net\/blog\/#website","url":"https:\/\/www.mycoyote.net\/blog\/","name":"Il Blog Coyote","description":"","publisher":{"@id":"https:\/\/www.mycoyote.net\/blog\/#organization"},"potentialAction":[{"@type":"SearchAction","target":{"@type":"EntryPoint","urlTemplate":"https:\/\/www.mycoyote.net\/blog\/?s={search_term_string}"},"query-input":{"@type":"PropertyValueSpecification","valueRequired":true,"valueName":"search_term_string"}}],"inLanguage":"it-IT"},{"@type":"Organization","@id":"https:\/\/www.mycoyote.net\/blog\/#organization","name":"Coyote","url":"https:\/\/www.mycoyote.net\/blog\/","logo":{"@type":"ImageObject","inLanguage":"it-IT","@id":"https:\/\/www.mycoyote.net\/blog\/#\/schema\/logo\/image\/","url":"https:\/\/medias.coyotesystems.com\/wordpress\/sites\/6\/2024\/02\/Logo-Coyote-1.png","contentUrl":"https:\/\/medias.coyotesystems.com\/wordpress\/sites\/6\/2024\/02\/Logo-Coyote-1.png","width":842,"height":263,"caption":"Coyote"},"image":{"@id":"https:\/\/www.mycoyote.net\/blog\/#\/schema\/logo\/image\/"},"sameAs":["https:\/\/www.facebook.com\/coyoteitalia","https:\/\/x.com\/coyoteitalia","https:\/\/www.instagram.com\/coyoteitalia\/","https:\/\/www.linkedin.com\/company\/coyote-italia\/","https:\/\/www.youtube.com\/channel\/UCF8JOuMbqALJkRHNVyVym7A?sub_confirmation=1"]},{"@type":"Person","@id":"https:\/\/www.mycoyote.net\/blog\/#\/schema\/person\/f5af150ab710178af89daa9671962d2c","name":"Nathan Thierry","image":{"@type":"ImageObject","inLanguage":"it-IT","@id":"https:\/\/www.mycoyote.net\/blog\/#\/schema\/person\/image\/","url":"https:\/\/secure.gravatar.com\/avatar\/a55944ac691bd0ff56f862eae2454ca1bb9e420f824642e24d6e59b58f4de8f0?s=96&d=mm&r=g","contentUrl":"https:\/\/secure.gravatar.com\/avatar\/a55944ac691bd0ff56f862eae2454ca1bb9e420f824642e24d6e59b58f4de8f0?s=96&d=mm&r=g","caption":"Nathan Thierry"}}]}},"_links":{"self":[{"href":"https:\/\/www.mycoyote.net\/blog\/wp-json\/wp\/v2\/posts\/6705","targetHints":{"allow":["GET"]}}],"collection":[{"href":"https:\/\/www.mycoyote.net\/blog\/wp-json\/wp\/v2\/posts"}],"about":[{"href":"https:\/\/www.mycoyote.net\/blog\/wp-json\/wp\/v2\/types\/post"}],"author":[{"embeddable":true,"href":"https:\/\/www.mycoyote.net\/blog\/wp-json\/wp\/v2\/users\/118"}],"replies":[{"embeddable":true,"href":"https:\/\/www.mycoyote.net\/blog\/wp-json\/wp\/v2\/comments?post=6705"}],"version-history":[{"count":1,"href":"https:\/\/www.mycoyote.net\/blog\/wp-json\/wp\/v2\/posts\/6705\/revisions"}],"predecessor-version":[{"id":6711,"href":"https:\/\/www.mycoyote.net\/blog\/wp-json\/wp\/v2\/posts\/6705\/revisions\/6711"}],"wp:featuredmedia":[{"embeddable":true,"href":"https:\/\/www.mycoyote.net\/blog\/wp-json\/wp\/v2\/media\/6708"}],"wp:attachment":[{"href":"https:\/\/www.mycoyote.net\/blog\/wp-json\/wp\/v2\/media?parent=6705"}],"wp:term":[{"taxonomy":"category","embeddable":true,"href":"https:\/\/www.mycoyote.net\/blog\/wp-json\/wp\/v2\/categories?post=6705"},{"taxonomy":"post_tag","embeddable":true,"href":"https:\/\/www.mycoyote.net\/blog\/wp-json\/wp\/v2\/tags?post=6705"}],"curies":[{"name":"wp","href":"https:\/\/api.w.org\/{rel}","templated":true}]}}