{"id":77,"date":"2015-12-14T14:33:06","date_gmt":"2015-12-14T13:33:06","guid":{"rendered":"https:\/\/www.mycoyote.net\/blog\/?p=77"},"modified":"2024-09-09T12:28:00","modified_gmt":"2024-09-09T12:28:00","slug":"sicurezza-partita-la-campagna-invernale-adotta-una-strada","status":"publish","type":"post","link":"https:\/\/www.mycoyote.net\/blog\/news\/sicurezza-partita-la-campagna-invernale-adotta-una-strada\/","title":{"rendered":"Sicurezza, partita la campagna invernale \u201cAdotta una strada\u201d"},"content":{"rendered":"<div class=\"entryhead\"><strong>Controlli su alcol e trasporto dei minori in auto su alcune tra le strade statali pi\u00f9 pericolose d\u2019Italia: Postumia, Pontina, Umbro Laziale e Basentana. Un\u2019iniziativa della Fondazione Ania e dell\u2019Arma dei carabinieri<\/strong><\/div>\n<div class=\"item_inn tranz f-border \">\n<div class=\"entry\">\n<p>Dopo i buoni risultati ottenuti in estate, la Fondazione Ania e l\u2019Arma dei carabinieri hanno deciso di avviare la fase invernale del programma \u201cAdotta una strada\u201d. Obiettivo: aumentare i livelli di sicurezza sulla rete stradale, utilizzando i controlli e l\u2019informazione, al fine di ridurre gli incidenti. Sotto la lente, alcune tra le strade statali pi\u00f9 pericolose d\u2019Italia, ovvero la SS 53 \u201cPostumia\u201d, SS 148 \u201cPontina\u201d, SS 675 \u201cUmbro \u2013 Laziale\u201d e SS 407 \u201cBasentana\u201d (vedi la tabella 1 per dettagli incidentalit\u00e0). Controlli intensificati soprattutto di notte e nei weekend.<br \/>\n<span id=\"more-3357\"><\/span><\/p>\n<p><strong>Focus<\/strong>. Nel mirino, la guida in stato di ebbrezza, grazie alla dotazione di etilometri professionali che la Fondazione Ania ha donato ai carabinieri. Ci sar\u00e0 spazio pure all\u2019informazione e alla sensibilizzazione sulle norme del Codice della strada. A tutti gli automobilisti fermati dalle pattuglie sar\u00e0 infatti regalato un etilometro monouso per verificare il proprio stato alcolemico e, inoltre, sar\u00e0 distribuito un opuscolo informativo sul corretto trasporto dei minori in automobile.<\/p>\n<p><strong>Le motivazioni<\/strong>. L\u2019iniziativa \u201cAdotta una strada\u201d nasce dalla consapevolezza che la rete extraurbana continua a evidenziare un alto livello di pericolosit\u00e0. Anche se la situazione \u00e8 migliorata nel tempo, i numeri dell\u2019incidentalit\u00e0 relativi al 2014 restano ancora drammatici. Secondo i dati Aci Istat relativi all\u2019anno scorso, sulle strade extraurbane si sono verificati 34.285 sinistri (19,4% del totale). Molto elevata la percentuale delle vittime (1.589, cio\u00e8 il 47% del dato nazionale), mentre il numero dei feriti \u00e8 pari a 55.383 (22,1%).<\/p>\n<p><strong>Il commento<\/strong>. \u00abGli ultimi dati Aci Istat \u2013 commenta Aldo Minucci, Presidente della Fondazione Ania \u2013 ci consegnano un quadro chiaro sull\u2019andamento dell\u2019incidentalit\u00e0 in Italia. Il trend di diminuzione del numero dei morti sulle strade ha rallentato molto. Questo andamento ci induce a aumentare le nostre iniziative sulla prevenzione e la sensibilizzazione. Per questo abbiamo deciso di raddoppiare l\u2019impegno con Adotta una strada, realizzando nel corso dello stesso anno due distinte fasi di questa iniziativa. Abbiamo constatato, infatti, che questo tipo di interventi \u00e8 particolarmente efficace perch\u00e9, grazie all\u2019effetto deterrenza, determina una significativa riduzione del numero degli incidenti stradali e, di conseguenza, del numero di morti e feriti sulle strade. Pi\u00f9 controlli, pi\u00f9 investimenti in infrastrutture, pi\u00f9 prevenzione e sensibilizzazione, pi\u00f9 comunicazione: \u00e8 questa la ricetta per far riprendere il percorso virtuoso della diminuzione del numero e della gravit\u00e0 degli incidenti stradali mostrata negli ultimi anni, coerentemente con gli impegni richiesti dalle Nazioni Unite\u00bb.<\/p>\n<p><strong>Il bilancio<\/strong>. Positivi i risultati ottenuti nella fase estiva di \u201cAdotta una strada\u201d, svoltasi dal 26 giugno al 31 agosto sulla SS 309 Romea, SS 036 del lago di Como e dello Spluga, SS 114 Orientale sicula e SS 131 Carlo Felice. Nelle quattro strade prese in considerazione, la media giornaliera di incidenti si \u00e8 dimezzata, scendendo da 1,81 a 0,75. Ridotta di cinque volte la media dei feriti, passata da 2,9 al giorno a 0,6 (vedi la tabella 2 per i dettagli). Nel periodo dell\u2019iniziativa, i carabinieri hanno controllato complessivamente 10.606 veicoli, identificato 13.331 persone ed accertato 674 sanzioni per infrazioni del Codice della strada. Tra le violazioni pi\u00f9 diffuse, il mancato uso delle cinture di sicurezza e dei sistemi di ritenuta per bambini (contestati a 98 persone), ma anche la guida in stato psico-fisico alterato. Grazie a uno specifico kit monouso (fornito dalla Fondazione Ania), i militari hanno controllato lo stato psico-fisico di 2.251 conducenti, riscontrando in 46 casi un tasso alcolemico superiore ai limiti consentiti o l\u2019uso di sostanze stupefacenti. In totale, ritirate 75 patenti e sottoposti a sequestro 80 veicoli. Per violazioni di carattere penale, sono state deferite all\u2019autorit\u00e0 giudiziaria 57 persone.<\/p>\n<p>&nbsp;<\/p>\n<p><strong>TABELLA 1<\/strong><\/p>\n<p><strong>Localizzazione degli incidenti stradali in Italia \u2013 Anno 2014<\/strong><\/p>\n<table width=\"764\">\n<tbody>\n<tr>\n<td width=\"90\"><strong>Nome Strada<\/strong><\/td>\n<td width=\"49\"><strong>Estesa Km<\/strong><\/td>\n<td width=\"50\"><strong>Incidenti<\/strong><\/td>\n<td width=\"64\"><strong>Morti<\/strong><\/td>\n<td width=\"64\"><strong>Feriti<\/strong><\/td>\n<td width=\"78\"><strong>Incidenti \/ Km<\/strong><\/td>\n<td width=\"106\"><strong>Indice di mortalit\u00e0*<\/strong><\/td>\n<\/tr>\n<tr>\n<td width=\"90\">SS 053 Postumi<\/td>\n<td width=\"49\">116,6<\/td>\n<td width=\"50\">202<\/td>\n<td width=\"64\">1<\/td>\n<td width=\"64\">326<\/td>\n<td width=\"78\">1,73<\/td>\n<td width=\"106\">0,50<\/td>\n<\/tr>\n<tr>\n<td width=\"90\">SS 0148 Pontina<\/td>\n<td width=\"49\">109,2<\/td>\n<td width=\"50\">281<\/td>\n<td width=\"64\">6<\/td>\n<td width=\"64\">478<\/td>\n<td width=\"78\">2,57<\/td>\n<td width=\"106\">2,14<\/td>\n<\/tr>\n<tr>\n<td width=\"90\">SS 0675 Umbro Laziale<\/td>\n<td width=\"49\">78,8<\/td>\n<td width=\"50\">41<\/td>\n<td width=\"64\">4<\/td>\n<td width=\"64\">69<\/td>\n<td width=\"78\">0,52<\/td>\n<td width=\"106\">9,76<\/td>\n<\/tr>\n<tr>\n<td width=\"90\">SS 0407 Basentana<\/td>\n<td width=\"49\">100,9<\/td>\n<td width=\"50\">20<\/td>\n<td width=\"64\">2<\/td>\n<td width=\"64\">24<\/td>\n<td width=\"78\">0,20<\/td>\n<td width=\"106\">10,00<\/td>\n<\/tr>\n<\/tbody>\n<\/table>\n<p><em><br \/>\nFonte: Aci<\/em>*Indice di mortalit\u00e0: \u00e8 dato dal rapporto del numero di morti e il numero degli incidenti per 100.<\/p>\n<p>&nbsp;<\/p>\n<p><strong>TABELLA 2<\/strong><\/p>\n<p><strong>Confronto della media giornaliera annuale e del periodo dell\u2019iniziativa di morti, incidenti e feriti per le strade considerate<\/strong><\/p>\n<table>\n<tbody>\n<tr>\n<td rowspan=\"2\" width=\"98\"><\/td>\n<td colspan=\"2\" width=\"196\"><strong>Anno 2013*<\/strong><\/td>\n<td colspan=\"2\" width=\"196\"><strong>Periodo 26.06.2015 \u2013 31.08.2015<\/strong><\/td>\n<\/tr>\n<tr>\n<td width=\"98\"><strong>N.<\/strong><\/td>\n<td width=\"98\"><strong>Media giornaliera<\/strong><\/td>\n<td width=\"98\"><strong>N.<\/strong><\/td>\n<td width=\"98\"><strong>Media giornaliera<\/strong><\/td>\n<\/tr>\n<tr>\n<td width=\"98\">Incidenti stradali<\/td>\n<td width=\"98\">660<\/td>\n<td width=\"98\">1,81<\/td>\n<td width=\"98\">50<\/td>\n<td width=\"98\">0,75<\/td>\n<\/tr>\n<tr>\n<td width=\"98\">Morti<\/td>\n<td width=\"98\">20<\/td>\n<td width=\"98\">0,055<\/td>\n<td width=\"98\">3<\/td>\n<td width=\"98\">0,045<\/td>\n<\/tr>\n<tr>\n<td width=\"98\">Feriti<\/td>\n<td width=\"98\">1071<\/td>\n<td width=\"98\">2,93<\/td>\n<td width=\"98\">43<\/td>\n<td width=\"98\">0,64<\/td>\n<\/tr>\n<\/tbody>\n<\/table>\n<p>*Fonte:ACI\/Istat<\/p>\n<p>Vincenzo Bonanno<\/p>\n<\/div>\n<\/div>\n","protected":false},"excerpt":{"rendered":"<p>Controlli su alcol e trasporto dei minori in auto su alcune tra le strade statali pi\u00f9 pericolose d\u2019Italia: Postumia, Pontina, [&hellip;]<\/p>\n","protected":false},"author":136,"featured_media":78,"comment_status":"open","ping_status":"closed","sticky":false,"template":"","format":"standard","meta":{"_acf_changed":false,"footnotes":""},"categories":[36,4,56],"tags":[],"class_list":["post-77","post","type-post","status-publish","format-standard","has-post-thumbnail","hentry","category-approfondimenti","category-news","category-viaggiare-sicuri"],"acf":[],"yoast_head":"<!-- This site is optimized with the Yoast SEO plugin v25.9 - https:\/\/yoast.com\/wordpress\/plugins\/seo\/ -->\n<title>Sicurezza, partita la campagna invernale &quot;Adotta una strada&quot; - Blog Coyote<\/title>\n<meta name=\"description\" content=\"La famoso Fondazione Ania e l\u2019Arma dei carabinieri hanno deciso di avviare la fase invernale del programma \u201cAdotta una strada\u201d.\" \/>\n<meta name=\"robots\" content=\"index, follow, max-snippet:-1, max-image-preview:large, max-video-preview:-1\" \/>\n<link rel=\"canonical\" href=\"https:\/\/www.mycoyote.net\/blog\/sicurezza-partita-la-campagna-invernale-adotta-una-strada\/\" \/>\n<meta property=\"og:locale\" content=\"it_IT\" \/>\n<meta property=\"og:type\" content=\"article\" \/>\n<meta property=\"og:title\" content=\"Sicurezza, partita la campagna invernale &quot;Adotta una strada&quot; - Blog Coyote\" \/>\n<meta property=\"og:description\" content=\"La famoso Fondazione Ania e l\u2019Arma dei carabinieri hanno deciso di avviare la fase invernale del programma \u201cAdotta una strada\u201d.\" \/>\n<meta property=\"og:url\" content=\"https:\/\/www.mycoyote.net\/blog\/sicurezza-partita-la-campagna-invernale-adotta-una-strada\/\" \/>\n<meta property=\"og:site_name\" content=\"Il Blog Coyote\" \/>\n<meta property=\"article:publisher\" content=\"https:\/\/www.facebook.com\/coyoteitalia\" \/>\n<meta property=\"article:published_time\" content=\"2015-12-14T13:33:06+00:00\" \/>\n<meta property=\"article:modified_time\" content=\"2024-09-09T12:28:00+00:00\" \/>\n<meta name=\"author\" content=\"Fran\u00e7ois Delon\" \/>\n<meta name=\"twitter:card\" content=\"summary_large_image\" \/>\n<meta name=\"twitter:creator\" content=\"@coyoteitalia\" \/>\n<meta name=\"twitter:site\" content=\"@coyoteitalia\" \/>\n<meta name=\"twitter:label1\" content=\"Written by\" \/>\n\t<meta name=\"twitter:data1\" content=\"Fran\u00e7ois Delon\" \/>\n\t<meta name=\"twitter:label2\" content=\"Est. reading time\" \/>\n\t<meta name=\"twitter:data2\" content=\"3 minuti\" \/>\n<script type=\"application\/ld+json\" class=\"yoast-schema-graph\">{\"@context\":\"https:\/\/schema.org\",\"@graph\":[{\"@type\":\"Article\",\"@id\":\"https:\/\/www.mycoyote.net\/blog\/sicurezza-partita-la-campagna-invernale-adotta-una-strada\/#article\",\"isPartOf\":{\"@id\":\"https:\/\/www.mycoyote.net\/blog\/news\/sicurezza-partita-la-campagna-invernale-adotta-una-strada\/\"},\"author\":{\"name\":\"Fran\u00e7ois Delon\",\"@id\":\"https:\/\/www.mycoyote.net\/blog\/#\/schema\/person\/9cd9844469ae7f7d7eff44559995e511\"},\"headline\":\"Sicurezza, partita la campagna invernale \u201cAdotta una strada\u201d\",\"datePublished\":\"2015-12-14T13:33:06+00:00\",\"dateModified\":\"2024-09-09T12:28:00+00:00\",\"mainEntityOfPage\":{\"@id\":\"https:\/\/www.mycoyote.net\/blog\/news\/sicurezza-partita-la-campagna-invernale-adotta-una-strada\/\"},\"wordCount\":692,\"commentCount\":0,\"publisher\":{\"@id\":\"https:\/\/www.mycoyote.net\/blog\/#organization\"},\"image\":{\"@id\":\"https:\/\/www.mycoyote.net\/blog\/sicurezza-partita-la-campagna-invernale-adotta-una-strada\/#primaryimage\"},\"thumbnailUrl\":\"\",\"articleSection\":[\"Approfondimenti\",\"News\",\"Viaggiare sicuri\"],\"inLanguage\":\"it-IT\",\"potentialAction\":[{\"@type\":\"CommentAction\",\"name\":\"Comment\",\"target\":[\"https:\/\/www.mycoyote.net\/blog\/sicurezza-partita-la-campagna-invernale-adotta-una-strada\/#respond\"]}]},{\"@type\":\"WebPage\",\"@id\":\"https:\/\/www.mycoyote.net\/blog\/news\/sicurezza-partita-la-campagna-invernale-adotta-una-strada\/\",\"url\":\"https:\/\/www.mycoyote.net\/blog\/sicurezza-partita-la-campagna-invernale-adotta-una-strada\/\",\"name\":\"Sicurezza, partita la campagna invernale \\\"Adotta una strada\\\" - Blog Coyote\",\"isPartOf\":{\"@id\":\"https:\/\/www.mycoyote.net\/blog\/#website\"},\"primaryImageOfPage\":{\"@id\":\"https:\/\/www.mycoyote.net\/blog\/sicurezza-partita-la-campagna-invernale-adotta-una-strada\/#primaryimage\"},\"image\":{\"@id\":\"https:\/\/www.mycoyote.net\/blog\/sicurezza-partita-la-campagna-invernale-adotta-una-strada\/#primaryimage\"},\"thumbnailUrl\":\"\",\"datePublished\":\"2015-12-14T13:33:06+00:00\",\"dateModified\":\"2024-09-09T12:28:00+00:00\",\"description\":\"La famoso Fondazione Ania e l\u2019Arma dei carabinieri hanno deciso di avviare la fase invernale del programma \u201cAdotta una strada\u201d.\",\"breadcrumb\":{\"@id\":\"https:\/\/www.mycoyote.net\/blog\/sicurezza-partita-la-campagna-invernale-adotta-una-strada\/#breadcrumb\"},\"inLanguage\":\"it-IT\",\"potentialAction\":[{\"@type\":\"ReadAction\",\"target\":[\"https:\/\/www.mycoyote.net\/blog\/sicurezza-partita-la-campagna-invernale-adotta-una-strada\/\"]}]},{\"@type\":\"ImageObject\",\"inLanguage\":\"it-IT\",\"@id\":\"https:\/\/www.mycoyote.net\/blog\/sicurezza-partita-la-campagna-invernale-adotta-una-strada\/#primaryimage\",\"url\":\"\",\"contentUrl\":\"\"},{\"@type\":\"BreadcrumbList\",\"@id\":\"https:\/\/www.mycoyote.net\/blog\/sicurezza-partita-la-campagna-invernale-adotta-una-strada\/#breadcrumb\",\"itemListElement\":[{\"@type\":\"ListItem\",\"position\":1,\"name\":\"Home\",\"item\":\"https:\/\/www.mycoyote.net\/blog\/\"},{\"@type\":\"ListItem\",\"position\":2,\"name\":\"Approfondimenti\",\"item\":\"https:\/\/www.mycoyote.net\/blog\/approfondimenti\/\"},{\"@type\":\"ListItem\",\"position\":3,\"name\":\"Sicurezza, partita la campagna invernale \u201cAdotta una strada\u201d\"}]},{\"@type\":\"WebSite\",\"@id\":\"https:\/\/www.mycoyote.net\/blog\/#website\",\"url\":\"https:\/\/www.mycoyote.net\/blog\/\",\"name\":\"Il Blog Coyote\",\"description\":\"\",\"publisher\":{\"@id\":\"https:\/\/www.mycoyote.net\/blog\/#organization\"},\"potentialAction\":[{\"@type\":\"SearchAction\",\"target\":{\"@type\":\"EntryPoint\",\"urlTemplate\":\"https:\/\/www.mycoyote.net\/blog\/?s={search_term_string}\"},\"query-input\":{\"@type\":\"PropertyValueSpecification\",\"valueRequired\":true,\"valueName\":\"search_term_string\"}}],\"inLanguage\":\"it-IT\"},{\"@type\":\"Organization\",\"@id\":\"https:\/\/www.mycoyote.net\/blog\/#organization\",\"name\":\"Coyote\",\"url\":\"https:\/\/www.mycoyote.net\/blog\/\",\"logo\":{\"@type\":\"ImageObject\",\"inLanguage\":\"it-IT\",\"@id\":\"https:\/\/www.mycoyote.net\/blog\/#\/schema\/logo\/image\/\",\"url\":\"https:\/\/medias.coyotesystems.com\/wordpress\/sites\/6\/2024\/02\/Logo-Coyote-1.png\",\"contentUrl\":\"https:\/\/medias.coyotesystems.com\/wordpress\/sites\/6\/2024\/02\/Logo-Coyote-1.png\",\"width\":842,\"height\":263,\"caption\":\"Coyote\"},\"image\":{\"@id\":\"https:\/\/www.mycoyote.net\/blog\/#\/schema\/logo\/image\/\"},\"sameAs\":[\"https:\/\/www.facebook.com\/coyoteitalia\",\"https:\/\/x.com\/coyoteitalia\",\"https:\/\/www.instagram.com\/coyoteitalia\/\",\"https:\/\/www.linkedin.com\/company\/coyote-italia\/\",\"https:\/\/www.youtube.com\/channel\/UCF8JOuMbqALJkRHNVyVym7A?sub_confirmation=1\"]},{\"@type\":\"Person\",\"@id\":\"https:\/\/www.mycoyote.net\/blog\/#\/schema\/person\/9cd9844469ae7f7d7eff44559995e511\",\"name\":\"Fran\u00e7ois Delon\",\"image\":{\"@type\":\"ImageObject\",\"inLanguage\":\"it-IT\",\"@id\":\"https:\/\/www.mycoyote.net\/blog\/#\/schema\/person\/image\/\",\"url\":\"https:\/\/secure.gravatar.com\/avatar\/cd85a0c7b37837441f0dc2da373d165b462e98bfb3e0c0815b9ccfd94b6138d6?s=96&d=mm&r=g\",\"contentUrl\":\"https:\/\/secure.gravatar.com\/avatar\/cd85a0c7b37837441f0dc2da373d165b462e98bfb3e0c0815b9ccfd94b6138d6?s=96&d=mm&r=g\",\"caption\":\"Fran\u00e7ois Delon\"}}]}<\/script>\n<!-- \/ Yoast SEO plugin. -->","yoast_head_json":{"title":"Sicurezza, partita la campagna invernale \"Adotta una strada\" - Blog Coyote","description":"La famoso Fondazione Ania e l\u2019Arma dei carabinieri hanno deciso di avviare la fase invernale del programma \u201cAdotta una strada\u201d.","robots":{"index":"index","follow":"follow","max-snippet":"max-snippet:-1","max-image-preview":"max-image-preview:large","max-video-preview":"max-video-preview:-1"},"canonical":"https:\/\/www.mycoyote.net\/blog\/sicurezza-partita-la-campagna-invernale-adotta-una-strada\/","og_locale":"it_IT","og_type":"article","og_title":"Sicurezza, partita la campagna invernale \"Adotta una strada\" - Blog Coyote","og_description":"La famoso Fondazione Ania e l\u2019Arma dei carabinieri hanno deciso di avviare la fase invernale del programma \u201cAdotta una strada\u201d.","og_url":"https:\/\/www.mycoyote.net\/blog\/sicurezza-partita-la-campagna-invernale-adotta-una-strada\/","og_site_name":"Il Blog Coyote","article_publisher":"https:\/\/www.facebook.com\/coyoteitalia","article_published_time":"2015-12-14T13:33:06+00:00","article_modified_time":"2024-09-09T12:28:00+00:00","author":"Fran\u00e7ois Delon","twitter_card":"summary_large_image","twitter_creator":"@coyoteitalia","twitter_site":"@coyoteitalia","twitter_misc":{"Written by":"Fran\u00e7ois Delon","Est. reading time":"3 minuti"},"schema":{"@context":"https:\/\/schema.org","@graph":[{"@type":"Article","@id":"https:\/\/www.mycoyote.net\/blog\/sicurezza-partita-la-campagna-invernale-adotta-una-strada\/#article","isPartOf":{"@id":"https:\/\/www.mycoyote.net\/blog\/news\/sicurezza-partita-la-campagna-invernale-adotta-una-strada\/"},"author":{"name":"Fran\u00e7ois Delon","@id":"https:\/\/www.mycoyote.net\/blog\/#\/schema\/person\/9cd9844469ae7f7d7eff44559995e511"},"headline":"Sicurezza, partita la campagna invernale \u201cAdotta una strada\u201d","datePublished":"2015-12-14T13:33:06+00:00","dateModified":"2024-09-09T12:28:00+00:00","mainEntityOfPage":{"@id":"https:\/\/www.mycoyote.net\/blog\/news\/sicurezza-partita-la-campagna-invernale-adotta-una-strada\/"},"wordCount":692,"commentCount":0,"publisher":{"@id":"https:\/\/www.mycoyote.net\/blog\/#organization"},"image":{"@id":"https:\/\/www.mycoyote.net\/blog\/sicurezza-partita-la-campagna-invernale-adotta-una-strada\/#primaryimage"},"thumbnailUrl":"","articleSection":["Approfondimenti","News","Viaggiare sicuri"],"inLanguage":"it-IT","potentialAction":[{"@type":"CommentAction","name":"Comment","target":["https:\/\/www.mycoyote.net\/blog\/sicurezza-partita-la-campagna-invernale-adotta-una-strada\/#respond"]}]},{"@type":"WebPage","@id":"https:\/\/www.mycoyote.net\/blog\/news\/sicurezza-partita-la-campagna-invernale-adotta-una-strada\/","url":"https:\/\/www.mycoyote.net\/blog\/sicurezza-partita-la-campagna-invernale-adotta-una-strada\/","name":"Sicurezza, partita la campagna invernale \"Adotta una strada\" - Blog Coyote","isPartOf":{"@id":"https:\/\/www.mycoyote.net\/blog\/#website"},"primaryImageOfPage":{"@id":"https:\/\/www.mycoyote.net\/blog\/sicurezza-partita-la-campagna-invernale-adotta-una-strada\/#primaryimage"},"image":{"@id":"https:\/\/www.mycoyote.net\/blog\/sicurezza-partita-la-campagna-invernale-adotta-una-strada\/#primaryimage"},"thumbnailUrl":"","datePublished":"2015-12-14T13:33:06+00:00","dateModified":"2024-09-09T12:28:00+00:00","description":"La famoso Fondazione Ania e l\u2019Arma dei carabinieri hanno deciso di avviare la fase invernale del programma \u201cAdotta una strada\u201d.","breadcrumb":{"@id":"https:\/\/www.mycoyote.net\/blog\/sicurezza-partita-la-campagna-invernale-adotta-una-strada\/#breadcrumb"},"inLanguage":"it-IT","potentialAction":[{"@type":"ReadAction","target":["https:\/\/www.mycoyote.net\/blog\/sicurezza-partita-la-campagna-invernale-adotta-una-strada\/"]}]},{"@type":"ImageObject","inLanguage":"it-IT","@id":"https:\/\/www.mycoyote.net\/blog\/sicurezza-partita-la-campagna-invernale-adotta-una-strada\/#primaryimage","url":"","contentUrl":""},{"@type":"BreadcrumbList","@id":"https:\/\/www.mycoyote.net\/blog\/sicurezza-partita-la-campagna-invernale-adotta-una-strada\/#breadcrumb","itemListElement":[{"@type":"ListItem","position":1,"name":"Home","item":"https:\/\/www.mycoyote.net\/blog\/"},{"@type":"ListItem","position":2,"name":"Approfondimenti","item":"https:\/\/www.mycoyote.net\/blog\/approfondimenti\/"},{"@type":"ListItem","position":3,"name":"Sicurezza, partita la campagna invernale \u201cAdotta una strada\u201d"}]},{"@type":"WebSite","@id":"https:\/\/www.mycoyote.net\/blog\/#website","url":"https:\/\/www.mycoyote.net\/blog\/","name":"Il Blog Coyote","description":"","publisher":{"@id":"https:\/\/www.mycoyote.net\/blog\/#organization"},"potentialAction":[{"@type":"SearchAction","target":{"@type":"EntryPoint","urlTemplate":"https:\/\/www.mycoyote.net\/blog\/?s={search_term_string}"},"query-input":{"@type":"PropertyValueSpecification","valueRequired":true,"valueName":"search_term_string"}}],"inLanguage":"it-IT"},{"@type":"Organization","@id":"https:\/\/www.mycoyote.net\/blog\/#organization","name":"Coyote","url":"https:\/\/www.mycoyote.net\/blog\/","logo":{"@type":"ImageObject","inLanguage":"it-IT","@id":"https:\/\/www.mycoyote.net\/blog\/#\/schema\/logo\/image\/","url":"https:\/\/medias.coyotesystems.com\/wordpress\/sites\/6\/2024\/02\/Logo-Coyote-1.png","contentUrl":"https:\/\/medias.coyotesystems.com\/wordpress\/sites\/6\/2024\/02\/Logo-Coyote-1.png","width":842,"height":263,"caption":"Coyote"},"image":{"@id":"https:\/\/www.mycoyote.net\/blog\/#\/schema\/logo\/image\/"},"sameAs":["https:\/\/www.facebook.com\/coyoteitalia","https:\/\/x.com\/coyoteitalia","https:\/\/www.instagram.com\/coyoteitalia\/","https:\/\/www.linkedin.com\/company\/coyote-italia\/","https:\/\/www.youtube.com\/channel\/UCF8JOuMbqALJkRHNVyVym7A?sub_confirmation=1"]},{"@type":"Person","@id":"https:\/\/www.mycoyote.net\/blog\/#\/schema\/person\/9cd9844469ae7f7d7eff44559995e511","name":"Fran\u00e7ois Delon","image":{"@type":"ImageObject","inLanguage":"it-IT","@id":"https:\/\/www.mycoyote.net\/blog\/#\/schema\/person\/image\/","url":"https:\/\/secure.gravatar.com\/avatar\/cd85a0c7b37837441f0dc2da373d165b462e98bfb3e0c0815b9ccfd94b6138d6?s=96&d=mm&r=g","contentUrl":"https:\/\/secure.gravatar.com\/avatar\/cd85a0c7b37837441f0dc2da373d165b462e98bfb3e0c0815b9ccfd94b6138d6?s=96&d=mm&r=g","caption":"Fran\u00e7ois Delon"}}]}},"_links":{"self":[{"href":"https:\/\/www.mycoyote.net\/blog\/wp-json\/wp\/v2\/posts\/77","targetHints":{"allow":["GET"]}}],"collection":[{"href":"https:\/\/www.mycoyote.net\/blog\/wp-json\/wp\/v2\/posts"}],"about":[{"href":"https:\/\/www.mycoyote.net\/blog\/wp-json\/wp\/v2\/types\/post"}],"author":[{"embeddable":true,"href":"https:\/\/www.mycoyote.net\/blog\/wp-json\/wp\/v2\/users\/136"}],"replies":[{"embeddable":true,"href":"https:\/\/www.mycoyote.net\/blog\/wp-json\/wp\/v2\/comments?post=77"}],"version-history":[{"count":1,"href":"https:\/\/www.mycoyote.net\/blog\/wp-json\/wp\/v2\/posts\/77\/revisions"}],"predecessor-version":[{"id":5955,"href":"https:\/\/www.mycoyote.net\/blog\/wp-json\/wp\/v2\/posts\/77\/revisions\/5955"}],"wp:featuredmedia":[{"embeddable":true,"href":"https:\/\/www.mycoyote.net\/blog\/wp-json\/"}],"wp:attachment":[{"href":"https:\/\/www.mycoyote.net\/blog\/wp-json\/wp\/v2\/media?parent=77"}],"wp:term":[{"taxonomy":"category","embeddable":true,"href":"https:\/\/www.mycoyote.net\/blog\/wp-json\/wp\/v2\/categories?post=77"},{"taxonomy":"post_tag","embeddable":true,"href":"https:\/\/www.mycoyote.net\/blog\/wp-json\/wp\/v2\/tags?post=77"}],"curies":[{"name":"wp","href":"https:\/\/api.w.org\/{rel}","templated":true}]}}